{"id":42292,"date":"2011-06-15T00:00:00","date_gmt":"2011-06-15T03:00:00","guid":{"rendered":"https:\/\/www.zecadirceu.com.br\/brasil-vai-digitalizar-acervo-sobre-ditadura-militar\/"},"modified":"2011-06-15T00:00:00","modified_gmt":"2011-06-15T03:00:00","slug":"brasil-vai-digitalizar-acervo-sobre-ditadura-militar","status":"publish","type":"post","link":"https:\/\/teste.bsb.br\/zeca\/brasil-vai-digitalizar-acervo-sobre-ditadura-militar\/","title":{"rendered":"Brasil vai digitalizar acervo sobre ditadura militar"},"content":{"rendered":"<p>Uma s&eacute;rie de documentos sobre viola&ccedil;&otilde;es dos direitos humanos por agentes do Estado durante o &uacute;ltimo per&iacute;odo autorit&aacute;rio foi repatriada ao Brasil. <\/p>\n<p>O acervo que estava nos Estados Unidos foi entregue pelo Conselho Mundial de Igrejas (CMI) e pelo Center for Research Libraries a autoridades brasileiras na ter&ccedil;a-feira (14\/06), na Procuradoria Regional da Rep&uacute;blica em S&atilde;o Paulo.&nbsp;&nbsp;&nbsp;<br \/>\n&nbsp;<br \/>\nO material faz parte do acervo Brasil: Nunca Mais, que ser&aacute; digitalizado e colocado &agrave; disposi&ccedil;&atilde;o para consulta pela internet. S&atilde;o c&oacute;pias de 707 processos judiciais do Superior Tribunal Militar (STM). <\/p>\n<p>Outros 4 mil documentos do CMI sobre o per&iacute;odo tamb&eacute;m far&atilde;o parte do cole&ccedil;&atilde;o digital, que come&ccedil;a a ser constru&iacute;da em julho e deve estar dispon&iacute;vel para acesso em 2012. O Arquivo P&uacute;blico do Estado de S&atilde;o Paulo ficar&aacute; respons&aacute;vel pelo trabalho.<\/p>\n<p>Essa iniciativa de difus&atilde;o e pesquisas de documentos &eacute; resultado da a&ccedil;&atilde;o de grupo que contou com a lideran&ccedil;a e apoio do arcebispo Dom Paulo Evaristo Arns e do pastor Jaime Wright. <\/p>\n<p>Entre 1979 e 1985, eles copiaram clandestinamente processos do STM e enviaram aos Estados Unidos, na tentativa de preservar a hist&oacute;ria do pa&iacute;s durante os &ldquo;anos de chumbo&rdquo;, o que resultou no Brasil: Nunca Mais.<\/p>\n<p>As cerca de 1 milh&atilde;o de p&aacute;ginas dos processos datados de 1961 a 1976 mostram informa&ccedil;&otilde;es e evid&ecirc;ncias de viola&ccedil;&otilde;es dos direitos humanos. J&aacute; o acervo do CMI &eacute; formado principalmente por correspond&ecirc;ncias trocadas entre Dom Paulo Evaristo Arns e Jaime Wright, ainda in&eacute;ditas, durante os seis anos de execu&ccedil;&atilde;o do projeto.<\/p>\n<p>Para o presidente da Comiss&atilde;o de Anistia do Minist&eacute;rio da Justi&ccedil;a, Paulo Abr&atilde;o, a iniciativa promove o direito &agrave; mem&oacute;ria e &agrave; verdade e amplia o acesso dos brasileiros as informa&ccedil;&otilde;es de um per&iacute;odo extremamente duro de hist&oacute;ria brasileira. <\/p>\n<p>&ldquo;O projeto Brasil: Nunca Mais est&aacute; em plena conson&acirc;ncia com as pol&iacute;ticas que o governo federal vem desenvolvendo desde a&ccedil;&otilde;es da Secretaria de Direitos Humanos, da Comiss&atilde;o de Anistia e do Arquivo Nacional&rdquo;, ressaltou. A digitaliza&ccedil;&atilde;o desses arquivos &ndash; complementou Abr&atilde;o &ndash; &eacute; um marco que se soma ao Centro de Refer&ecirc;ncia das Lutas Pol&iacute;ticas no Brasil (1964-1985) &#8211; Mem&oacute;rias Reveladas.<\/p>\n<p>O projeto do Minist&eacute;rio P&uacute;blico Federal, do Armaz&eacute;m Mem&oacute;ria e do Arquivo P&uacute;blico do Estado de S&atilde;o Paulo conta com o apoio da OAB\/RJ, do Center for Research Libraries (EUA), do Conselho Mundial de Igrejas (Su&iacute;&ccedil;a) e do Instituto de Pol&iacute;ticas Relacionais.<\/p>\n<p>&nbsp;<\/p>\n<p>\n&nbsp;<\/p>\n","protected":false},"excerpt":{"rendered":"<p>Uma s\u00e9rie de documentos sobre viola\u00e7\u00f5es dos direitos humanos por agentes do Estado durante o \u00faltimo per\u00edodo autorit\u00e1rio foi repatriada ao Brasil. ]<\/p>\n<p>O acervo que estava nos Estados Unidos foi entregue pelo Conselho Mundial de Igrejas (CMI) e pelo Center for Research Libraries a autoridades brasileiras na ter\u00e7a-feira (14\/06), na Procuradoria Regional da Rep\u00fablica em S\u00e3o Paulo.<\/p>\n","protected":false},"author":1,"featured_media":0,"comment_status":"open","ping_status":"open","sticky":false,"template":"","format":"standard","meta":{"footnotes":""},"categories":[1],"tags":[8794,8795],"class_list":["post-42292","post","type-post","status-publish","format-standard","hentry","category-noticias-zeca-dirceu","tag-acervo","tag-ditadura-militar"],"_links":{"self":[{"href":"https:\/\/teste.bsb.br\/zeca\/wp-json\/wp\/v2\/posts\/42292","targetHints":{"allow":["GET"]}}],"collection":[{"href":"https:\/\/teste.bsb.br\/zeca\/wp-json\/wp\/v2\/posts"}],"about":[{"href":"https:\/\/teste.bsb.br\/zeca\/wp-json\/wp\/v2\/types\/post"}],"author":[{"embeddable":true,"href":"https:\/\/teste.bsb.br\/zeca\/wp-json\/wp\/v2\/users\/1"}],"replies":[{"embeddable":true,"href":"https:\/\/teste.bsb.br\/zeca\/wp-json\/wp\/v2\/comments?post=42292"}],"version-history":[{"count":0,"href":"https:\/\/teste.bsb.br\/zeca\/wp-json\/wp\/v2\/posts\/42292\/revisions"}],"wp:attachment":[{"href":"https:\/\/teste.bsb.br\/zeca\/wp-json\/wp\/v2\/media?parent=42292"}],"wp:term":[{"taxonomy":"category","embeddable":true,"href":"https:\/\/teste.bsb.br\/zeca\/wp-json\/wp\/v2\/categories?post=42292"},{"taxonomy":"post_tag","embeddable":true,"href":"https:\/\/teste.bsb.br\/zeca\/wp-json\/wp\/v2\/tags?post=42292"}],"curies":[{"name":"wp","href":"https:\/\/api.w.org\/{rel}","templated":true}]}}