{"id":42289,"date":"2011-06-18T00:00:00","date_gmt":"2011-06-18T03:00:00","guid":{"rendered":"https:\/\/www.zecadirceu.com.br\/reprises-da-teleconferencia-sobre-assistencia-social\/"},"modified":"2011-06-18T00:00:00","modified_gmt":"2011-06-18T03:00:00","slug":"reprises-da-teleconferencia-sobre-assistencia-social","status":"publish","type":"post","link":"https:\/\/teste.bsb.br\/zeca\/reprises-da-teleconferencia-sobre-assistencia-social\/","title":{"rendered":"Reprises da teleconfer\u00eancia sobre assist\u00eancia social"},"content":{"rendered":"<p>&nbsp;<span class=\"Apple-style-span\" style=\"font-family: 'Times New Roman'; \">Boa not&iacute;cia para quem n&atilde;o conseguiu acompanhar a teleconfer&ecirc;ncia do Conselho Nacional de Assist&ecirc;ncia Social, realizada nesta sexta-feira (17). A TV NBR vai reprisar o programa em dois dias diferentes, o primeiro ocorreu &agrave;s 14h deste s&aacute;bado (18) e a segunda na segunda-feira (20), &agrave;s 7h30.<\/span><\/p>\n<p class=\"MsoNormal\" style=\"margin-bottom:0in;margin-bottom:.0001pt\"><span lang=\"PT-BR\" style=\"font-family:&quot;Times New Roman&quot;\"><o:p>&nbsp;<\/o:p><\/span><\/p>\n<p class=\"MsoNormal\" style=\"margin-bottom:0in;margin-bottom:.0001pt\"><span lang=\"PT-BR\" style=\"font-family:&quot;Times New Roman&quot;\">A teleconfer&ecirc;ncia buscou esclarecer, mobilizar e sensibilizar gestores, t&eacute;cnicos, conselheiros, entidades e outros atores da &aacute;rea de assist&ecirc;ncia social sobre o processo de realiza&ccedil;&atilde;o das confer&ecirc;ncias de assist&ecirc;ncia social nas esferas municipais, estaduais e nacional.<o:p><\/o:p><\/span><\/p>\n<p class=\"MsoNormal\" style=\"margin-bottom:0in;margin-bottom:.0001pt\"><span lang=\"PT-BR\" style=\"font-family:&quot;Times New Roman&quot;\"><o:p>&nbsp;<\/o:p><\/span><\/p>\n<p class=\"MsoNormal\" style=\"margin-bottom:0in;margin-bottom:.0001pt\"><span lang=\"PT-BR\" style=\"font-family:&quot;Times New Roman&quot;\">A TV NBR pode ser acessada no canal 146 da Sky TV e nos canais da NET (TV a cabo por assinatura).<o:p><\/o:p><\/span><\/p>\n","protected":false},"excerpt":{"rendered":"<p>Boa not\u00edcia para quem n\u00e3o conseguiu acompanhar a teleconfer\u00eancia do Conselho Nacional de Assist\u00eancia Social, realizada nesta sexta-feira (17). A TV NBR vai reprisar o programa em dois dias diferentes, o primeiro ocorreu \u00e0s 14h deste s\u00e1bado (18) e a segunda na segunda-feira (20), \u00e0s 7h30.<\/p>\n<p>A teleconfer\u00eancia buscou esclarecer, mobilizar e sensibilizar gestores, t\u00e9cnicos, conselheiros, entidades e outros atores da \u00e1rea de assist\u00eancia social sobre o processo de realiza\u00e7\u00e3o das confer\u00eancias de assist\u00eancia social nas esferas municipais, estaduais e nacional.<\/p>\n","protected":false},"author":1,"featured_media":0,"comment_status":"open","ping_status":"open","sticky":false,"template":"","format":"standard","meta":{"footnotes":""},"categories":[1],"tags":[8793],"class_list":["post-42289","post","type-post","status-publish","format-standard","hentry","category-noticias-zeca-dirceu","tag-reprises-da-teleconferencia-sobre-assistencia-social"],"_links":{"self":[{"href":"https:\/\/teste.bsb.br\/zeca\/wp-json\/wp\/v2\/posts\/42289","targetHints":{"allow":["GET"]}}],"collection":[{"href":"https:\/\/teste.bsb.br\/zeca\/wp-json\/wp\/v2\/posts"}],"about":[{"href":"https:\/\/teste.bsb.br\/zeca\/wp-json\/wp\/v2\/types\/post"}],"author":[{"embeddable":true,"href":"https:\/\/teste.bsb.br\/zeca\/wp-json\/wp\/v2\/users\/1"}],"replies":[{"embeddable":true,"href":"https:\/\/teste.bsb.br\/zeca\/wp-json\/wp\/v2\/comments?post=42289"}],"version-history":[{"count":0,"href":"https:\/\/teste.bsb.br\/zeca\/wp-json\/wp\/v2\/posts\/42289\/revisions"}],"wp:attachment":[{"href":"https:\/\/teste.bsb.br\/zeca\/wp-json\/wp\/v2\/media?parent=42289"}],"wp:term":[{"taxonomy":"category","embeddable":true,"href":"https:\/\/teste.bsb.br\/zeca\/wp-json\/wp\/v2\/categories?post=42289"},{"taxonomy":"post_tag","embeddable":true,"href":"https:\/\/teste.bsb.br\/zeca\/wp-json\/wp\/v2\/tags?post=42289"}],"curies":[{"name":"wp","href":"https:\/\/api.w.org\/{rel}","templated":true}]}}