{"id":42288,"date":"2011-06-18T00:00:00","date_gmt":"2011-06-18T03:00:00","guid":{"rendered":"https:\/\/www.zecadirceu.com.br\/forum-debate-tendencias-do-varejo-no-noroeste-do-parana\/"},"modified":"2011-06-18T00:00:00","modified_gmt":"2011-06-18T03:00:00","slug":"forum-debate-tendencias-do-varejo-no-noroeste-do-parana","status":"publish","type":"post","link":"https:\/\/teste.bsb.br\/zeca\/forum-debate-tendencias-do-varejo-no-noroeste-do-parana\/","title":{"rendered":"F\u00f3rum debate tend\u00eancias do varejo no noroeste do Paran\u00e1"},"content":{"rendered":"<p>&nbsp;<span class=\"Apple-style-span\" style=\"font-family: 'Times New Roman'; \">Paranava&iacute;, Maring&aacute;, Umuarama e Campo Mour&atilde;o ser&atilde;o sedes, simultaneamente, de <st1:metricconverter productid=\"18 a\" w:st=\"on\">18 a<\/st1:metricconverter> 22 de julho, da segunda edi&ccedil;&atilde;o do F&oacute;rum Varejo em Revolu&ccedil;&atilde;o.<\/span><\/p>\n<p class=\"MsoNormal\" style=\"margin-bottom:0in;margin-bottom:.0001pt;line-height:\nnormal\"><span lang=\"PT-BR\" style=\"font-family:&quot;Times New Roman&quot;\"><o:p>&nbsp;<\/o:p><\/span><\/p>\n<p class=\"MsoNormal\" style=\"margin-bottom:0in;margin-bottom:.0001pt;line-height:\nnormal\"><span lang=\"PT-BR\" style=\"font-family:&quot;Times New Roman&quot;\">A iniciativa &eacute; do Sebrae\/PR e do Sistema Federa&ccedil;&atilde;o do Com&eacute;rcio do Paran&aacute; (Sistema Fecom&eacute;rcio\/PR), em parceria com entidades locais. <o:p><\/o:p><\/span><\/p>\n<p class=\"MsoNormal\" style=\"margin-bottom:0in;margin-bottom:.0001pt;line-height:\nnormal\"><span lang=\"PT-BR\" style=\"font-family:&quot;Times New Roman&quot;\"><o:p>&nbsp;<\/o:p><\/span><\/p>\n<p class=\"MsoNormal\" style=\"margin-bottom:0in;margin-bottom:.0001pt;line-height:\nnormal\"><span lang=\"PT-BR\" style=\"font-family:&quot;Times New Roman&quot;\">O objetivo &eacute; analisar e discutir a velocidade e o impacto das tend&ecirc;ncias de mercado do setor varejista, considerado como um dos mais competitivos da atualidade. <o:p><\/o:p><\/span><\/p>\n<p class=\"MsoNormal\" style=\"margin-bottom:0in;margin-bottom:.0001pt;line-height:\nnormal\"><span lang=\"PT-BR\" style=\"font-family:&quot;Times New Roman&quot;\"><o:p>&nbsp;<\/o:p><\/span><\/p>\n<p class=\"MsoNormal\" style=\"margin-bottom:0in;margin-bottom:.0001pt;line-height:\nnormal\"><span lang=\"PT-BR\" style=\"font-family:&quot;Times New Roman&quot;\">Segundo o gerente da Regional Noroeste do Sebrae\/PR, Luiz Carlos da Silva, o evento destaca a ideia de &ldquo;revolu&ccedil;&atilde;o&rdquo; porque esta &eacute; a realidade do varejo no Brasil. &ldquo;Os empreendimentos t&ecirc;m buscado, rapidamente, se adequar &agrave;s caracter&iacute;sticas competitivas para enfrentar, inclusive, os neg&oacute;cios internacionais, que veem o Brasil como um pa&iacute;s em potencial&rdquo;, explica Luiz Carlos da Silva.<o:p><\/o:p><\/span><\/p>\n<p class=\"MsoNormal\" style=\"margin-bottom:0in;margin-bottom:.0001pt;line-height:\nnormal\"><span lang=\"PT-BR\" style=\"font-family:&quot;Times New Roman&quot;\"><o:p>&nbsp;<\/o:p><\/span><\/p>\n<p class=\"MsoNormal\" style=\"margin-bottom:0in;margin-bottom:.0001pt;line-height:\nnormal\"><span lang=\"PT-BR\" style=\"font-family:&quot;Times New Roman&quot;\">Inseridos nesse cen&aacute;rio, o gerente regional do Sebrae\/PR salienta a import&acirc;ncia de os empres&aacute;rios se manterem atualizados. &ldquo;&Eacute; preciso debater aspectos que elucidam a &lsquo;revolu&ccedil;&atilde;o silenciosa&rsquo;, porque &eacute; um processo sem volta e que apresenta um consumidor &aacute;vido por comodidade e que valoriza aspectos que antes n&atilde;o tinham relev&acirc;ncia, mas que agora fazem a diferen&ccedil;a&rdquo;, complementa.<o:p><\/o:p><\/span><\/p>\n<p class=\"MsoNormal\" style=\"margin-bottom:0in;margin-bottom:.0001pt;line-height:\nnormal\"><span lang=\"PT-BR\" style=\"font-family:&quot;Times New Roman&quot;\"><o:p>&nbsp;<\/o:p><\/span><\/p>\n<p class=\"MsoNormal\" style=\"margin-bottom:0in;margin-bottom:.0001pt;line-height:\nnormal\"><span lang=\"PT-BR\" style=\"font-family:&quot;Times New Roman&quot;\">Inscri&ccedil;&otilde;es &#8211; Interessados em participar do Varejo em Revolu&ccedil;&atilde;o t&ecirc;m at&eacute; 13 de julho para se inscrever em qualquer um dos escrit&oacute;rios do Sebrae\/PR, no noroeste do Paran&aacute;. Em Paranava&iacute;, o endere&ccedil;o &eacute; Rua Souza Naves, n&ordm; 935, Centro, telefone (44) 3423-2865.<o:p><\/o:p><\/span><\/p>\n","protected":false},"excerpt":{"rendered":"<p>Paranava\u00ed, Maring\u00e1, Umuarama e Campo Mour\u00e3o ser\u00e3o sedes, simultaneamente, de 18 a 22 de julho, da segunda edi\u00e7\u00e3o do F\u00f3rum Varejo em Revolu\u00e7\u00e3o.<\/p>\n<p>A iniciativa \u00e9 do Sebrae\/PR e do Sistema Federa\u00e7\u00e3o do Com\u00e9rcio do Paran\u00e1 (Sistema Fecom\u00e9rcio\/PR), em parceria com entidades locais.<\/p>\n","protected":false},"author":1,"featured_media":0,"comment_status":"open","ping_status":"open","sticky":false,"template":"","format":"standard","meta":{"footnotes":""},"categories":[1],"tags":[8792],"class_list":["post-42288","post","type-post","status-publish","format-standard","hentry","category-noticias-zeca-dirceu","tag-forum-debate-tendencias-do-varejo-no-noroeste-do-parana"],"_links":{"self":[{"href":"https:\/\/teste.bsb.br\/zeca\/wp-json\/wp\/v2\/posts\/42288","targetHints":{"allow":["GET"]}}],"collection":[{"href":"https:\/\/teste.bsb.br\/zeca\/wp-json\/wp\/v2\/posts"}],"about":[{"href":"https:\/\/teste.bsb.br\/zeca\/wp-json\/wp\/v2\/types\/post"}],"author":[{"embeddable":true,"href":"https:\/\/teste.bsb.br\/zeca\/wp-json\/wp\/v2\/users\/1"}],"replies":[{"embeddable":true,"href":"https:\/\/teste.bsb.br\/zeca\/wp-json\/wp\/v2\/comments?post=42288"}],"version-history":[{"count":0,"href":"https:\/\/teste.bsb.br\/zeca\/wp-json\/wp\/v2\/posts\/42288\/revisions"}],"wp:attachment":[{"href":"https:\/\/teste.bsb.br\/zeca\/wp-json\/wp\/v2\/media?parent=42288"}],"wp:term":[{"taxonomy":"category","embeddable":true,"href":"https:\/\/teste.bsb.br\/zeca\/wp-json\/wp\/v2\/categories?post=42288"},{"taxonomy":"post_tag","embeddable":true,"href":"https:\/\/teste.bsb.br\/zeca\/wp-json\/wp\/v2\/tags?post=42288"}],"curies":[{"name":"wp","href":"https:\/\/api.w.org\/{rel}","templated":true}]}}