{"id":42263,"date":"2011-08-18T00:00:00","date_gmt":"2011-08-18T03:00:00","guid":{"rendered":"https:\/\/www.zecadirceu.com.br\/presidenta-dilma-rousseff-lamenta-saida-do-ministro-wagner-rossi\/"},"modified":"2011-08-18T00:00:00","modified_gmt":"2011-08-18T03:00:00","slug":"presidenta-dilma-rousseff-lamenta-saida-do-ministro-wagner-rossi","status":"publish","type":"post","link":"https:\/\/teste.bsb.br\/zeca\/presidenta-dilma-rousseff-lamenta-saida-do-ministro-wagner-rossi\/","title":{"rendered":"Presidenta Dilma Rousseff lamenta sa\u00edda do ministro Wagner Rossi"},"content":{"rendered":"<p>&nbsp;Leia na &iacute;ntegra da nota oficial da presidenta Dilma Rousseff<\/p>\n<p class=\"MsoNormal\"><o:p><\/o:p><\/p>\n<p class=\"MsoNormal\">Lamento profundamente a sa&iacute;da do ministro Wagner Rossi, que deu importante contribui&ccedil;&atilde;o ao governo com projetos de qualidade que fortaleceram a agropecu&aacute;ria brasileira.<o:p><\/o:p><\/p>\n<p class=\"MsoNormal\">Agrade&ccedil;o seu empenho, seu trabalho e a sua dedica&ccedil;&atilde;o.<o:p><\/o:p><\/p>\n<p class=\"MsoNormal\">Lamento ainda que o Ministro n&atilde;o tenha contado com o princ&iacute;pio da presun&ccedil;&atilde;o de inoc&ecirc;ncia diante de den&uacute;ncias contra ele desferidas.<o:p><\/o:p><\/p>\n<p class=\"MsoNormal\">\nDilma Rousseff<o:p><\/o:p><\/p>\n<p class=\"MsoNormal\">Presidenta da Rep&uacute;blica Federativa do Brasil<\/p>\n","protected":false},"excerpt":{"rendered":"<p>A presidenta Dilma Rousseff, por meio de nota oficial, manifestou lamentou a sa\u00edda do ministro da Agricultura, Pecu\u00e1ria e Abastecimento, Wagner Rossi, que entregou carta de demiss\u00e3o \u00e0 presidenta no in\u00edcio da noite desta quarta-feira,17 .<\/p>\n","protected":false},"author":1,"featured_media":0,"comment_status":"open","ping_status":"open","sticky":false,"template":"","format":"standard","meta":{"footnotes":""},"categories":[1],"tags":[448],"class_list":["post-42263","post","type-post","status-publish","format-standard","hentry","category-noticias-zeca-dirceu","tag-ministro"],"_links":{"self":[{"href":"https:\/\/teste.bsb.br\/zeca\/wp-json\/wp\/v2\/posts\/42263","targetHints":{"allow":["GET"]}}],"collection":[{"href":"https:\/\/teste.bsb.br\/zeca\/wp-json\/wp\/v2\/posts"}],"about":[{"href":"https:\/\/teste.bsb.br\/zeca\/wp-json\/wp\/v2\/types\/post"}],"author":[{"embeddable":true,"href":"https:\/\/teste.bsb.br\/zeca\/wp-json\/wp\/v2\/users\/1"}],"replies":[{"embeddable":true,"href":"https:\/\/teste.bsb.br\/zeca\/wp-json\/wp\/v2\/comments?post=42263"}],"version-history":[{"count":0,"href":"https:\/\/teste.bsb.br\/zeca\/wp-json\/wp\/v2\/posts\/42263\/revisions"}],"wp:attachment":[{"href":"https:\/\/teste.bsb.br\/zeca\/wp-json\/wp\/v2\/media?parent=42263"}],"wp:term":[{"taxonomy":"category","embeddable":true,"href":"https:\/\/teste.bsb.br\/zeca\/wp-json\/wp\/v2\/categories?post=42263"},{"taxonomy":"post_tag","embeddable":true,"href":"https:\/\/teste.bsb.br\/zeca\/wp-json\/wp\/v2\/tags?post=42263"}],"curies":[{"name":"wp","href":"https:\/\/api.w.org\/{rel}","templated":true}]}}