{"id":42255,"date":"2012-01-27T00:00:00","date_gmt":"2012-01-27T02:00:00","guid":{"rendered":"https:\/\/www.zecadirceu.com.br\/regiao-de-curitiba-teve-menor-taxa-de-desemprego-do-pais-no-final-de-2011\/"},"modified":"2012-01-27T00:00:00","modified_gmt":"2012-01-27T02:00:00","slug":"regiao-de-curitiba-teve-menor-taxa-de-desemprego-do-pais-no-final-de-2011","status":"publish","type":"post","link":"https:\/\/teste.bsb.br\/zeca\/regiao-de-curitiba-teve-menor-taxa-de-desemprego-do-pais-no-final-de-2011\/","title":{"rendered":"Regi\u00e3o de Curitiba teve menor taxa de desemprego do pais no final de 2011"},"content":{"rendered":"<p>A Regi&atilde;o Metropolitana de <a href=\"http:\/\/g1.globo.com\/pr\/parana\/cidade\/curitiba.html\" class=\"premium-tip\">Curitiba<\/a>  (RMC) teve a menor taxa de desemprego do pa&iacute;s em dezembro de 2011,  segundo levantamento dos institutos Brasileiro de Geografia e  Estat&iacute;stica (<a href=\"http:\/\/g1.globo.com\/topico\/ibge\/\" class=\"premium-tip\">IBGE<\/a>)  e Paranaense de Desenvolvimento Econ&ocirc;mico e Social (Ipardes). As  informa&ccedil;&otilde;es foram divulgadas nesta quinta-feira (26) pelo governo  estadual.<\/p>\n<p>Em dezembro de 2011, a taxa marcou 3% da Popula&ccedil;&atilde;o Economicamente Ativa  (PEA) da RMC. Na m&eacute;dia anual, a taxa ficou em 3,7%, inferior &agrave; m&eacute;dia  das capitais pesquisadas (6%) e tamb&eacute;m a menor da s&eacute;rie hist&oacute;rica,  segundo o an&uacute;ncio oficial.<\/p>\n<p>Tamb&eacute;m em dezembro, houve aumento de 0,9% do rendimento habitual na  regi&atilde;o, na compara&ccedil;&atilde;o com novembro. Esse rendimento fechou em R$  1.817,20. J&aacute; na compara&ccedil;&atilde;o com o mesmo m&ecirc;s de 2010, o aumento foi de  6,1%, o maior entre as capitais.<\/p>\n<p>Ainda no texto oficial, &ldquo;o Cadastro Geral de Empregados e Desempregados (Caged), do <a href=\"http:\/\/g1.globo.com\/topico\/ministerio-do-trabalho\/\" class=\"premium-tip\">Minist&eacute;rio do Trabalho<\/a>, indica que, na compara&ccedil;&atilde;o entre 2010 e 2011, houve um crescimento no volume de empregos formais de 6,96% no <a href=\"http:\/\/g1.globo.com\/topico\/parana.html\" class=\"premium-tip\">Paran&aacute;<\/a> e de 7,65% na RMC&rdquo;.<\/p>\n<p>\nFonte:G1<\/p>\n","protected":false},"excerpt":{"rendered":"<p>A Regi\u00e3o Metropolitana de Curitiba (RMC) teve a menor taxa de desemprego do pa\u00eds em dezembro de 2011, segundo levantamento dos institutos Brasileiro de Geografia e Estat\u00edstica (IBGE) e Paranaense de Desenvolvimento Econ\u00f4mico e Social (Ipardes). As informa\u00e7\u00f5es foram divulgadas nesta quinta-feira (26) pelo governo estadual.<\/p>\n","protected":false},"author":1,"featured_media":0,"comment_status":"open","ping_status":"open","sticky":false,"template":"","format":"standard","meta":{"footnotes":""},"categories":[1],"tags":[8775],"class_list":["post-42255","post","type-post","status-publish","format-standard","hentry","category-noticias-zeca-dirceu","tag-regiao-de-curitiba-teve-menor-taxa-de-desemprego-do-pais-no-final-de-2011"],"_links":{"self":[{"href":"https:\/\/teste.bsb.br\/zeca\/wp-json\/wp\/v2\/posts\/42255","targetHints":{"allow":["GET"]}}],"collection":[{"href":"https:\/\/teste.bsb.br\/zeca\/wp-json\/wp\/v2\/posts"}],"about":[{"href":"https:\/\/teste.bsb.br\/zeca\/wp-json\/wp\/v2\/types\/post"}],"author":[{"embeddable":true,"href":"https:\/\/teste.bsb.br\/zeca\/wp-json\/wp\/v2\/users\/1"}],"replies":[{"embeddable":true,"href":"https:\/\/teste.bsb.br\/zeca\/wp-json\/wp\/v2\/comments?post=42255"}],"version-history":[{"count":0,"href":"https:\/\/teste.bsb.br\/zeca\/wp-json\/wp\/v2\/posts\/42255\/revisions"}],"wp:attachment":[{"href":"https:\/\/teste.bsb.br\/zeca\/wp-json\/wp\/v2\/media?parent=42255"}],"wp:term":[{"taxonomy":"category","embeddable":true,"href":"https:\/\/teste.bsb.br\/zeca\/wp-json\/wp\/v2\/categories?post=42255"},{"taxonomy":"post_tag","embeddable":true,"href":"https:\/\/teste.bsb.br\/zeca\/wp-json\/wp\/v2\/tags?post=42255"}],"curies":[{"name":"wp","href":"https:\/\/api.w.org\/{rel}","templated":true}]}}