{"id":42238,"date":"2012-03-02T00:00:00","date_gmt":"2012-03-02T03:00:00","guid":{"rendered":"https:\/\/www.zecadirceu.com.br\/zeca-dirceu-vai-reforcar-pedido-para-implantacao-da-guarda-municipal-em-paranavai-2\/"},"modified":"2012-03-02T00:00:00","modified_gmt":"2012-03-02T03:00:00","slug":"zeca-dirceu-vai-reforcar-pedido-para-implantacao-da-guarda-municipal-em-paranavai-2","status":"publish","type":"post","link":"https:\/\/teste.bsb.br\/zeca\/zeca-dirceu-vai-reforcar-pedido-para-implantacao-da-guarda-municipal-em-paranavai-2\/","title":{"rendered":"Zeca Dirceu vai refor\u00e7ar pedido para implanta\u00e7\u00e3o da Guarda Municipal em Paranava\u00ed"},"content":{"rendered":"<p>Logo ap&oacute;s a audi&ecirc;ncia com a diretora do Departamento de Pol&iacute;ticas, Programas e Projetos da Senasp (Secretaria Nacional de Seguran&ccedil;a P&uacute;blica), Cristina Villanova, na &uacute;ltima quarta-feira (29), o prefeito Rog&eacute;rio Lorenzetti esteve reunido com o deputado federal Zeca Dirceu que recebeu uma c&oacute;pia do of&iacute;cio entregue &agrave; Secretaria e afirmou que ir&aacute; ajudar a refor&ccedil;ar o pedido de apoio t&eacute;cnico e financeiro para a implanta&ccedil;&atilde;o da Guarda Municipal de Paranava&iacute; e amplia&ccedil;&atilde;o do sistema de videomonitoramento.<\/p>\n<p>O parlamentar tamb&eacute;m se comprometeu a acompanhar a libera&ccedil;&atilde;o de recursos para a viabiliza&ccedil;&atilde;o de duas novas creches de per&iacute;odo integral que poder&atilde;o ser constru&iacute;das com recursos do Programa Pr&oacute;-Inf&acirc;ncia, do Governo Federal, nos bairros Vila Oper&aacute;ria e Monte Cristo. Paranava&iacute; est&aacute; entre os munic&iacute;pios pr&eacute;-selecionados pelo Minist&eacute;rio da Educa&ccedil;&atilde;o para receber duas creches de Padr&atilde;o &ldquo;B&rdquo; com capacidade para atender 150 crian&ccedil;as cada.<\/p>\n<p>Zeca, que j&aacute; confirmou que estar&aacute; em Paranava&iacute; neste final de semana participando da cerim&ocirc;nia de assinatura das ordens de servi&ccedil;o para o in&iacute;cio das obras do PAC 2, voltou a renovar o seu compromisso de continuar acompanhando com carinho especial os pleitos da cidade e ajudar o munic&iacute;pio sempre dentro da legalidade.<\/p>\n","protected":false},"excerpt":{"rendered":"<p>Logo ap\u00f3s a audi\u00eancia com a diretora do Departamento de Pol\u00edticas, Programas e Projetos da Senasp (Secretaria Nacional de Seguran\u00e7a P\u00fablica), Cristina Villanova, na \u00faltima quarta-feira (29), o prefeito Rog\u00e9rio Lorenzetti esteve reunido com o deputado federal Zeca Dirceu que recebeu uma c\u00f3pia do of\u00edcio entregue \u00e0 Secretaria e afirmou que ir\u00e1 ajudar a refor\u00e7ar o pedido de apoio t\u00e9cnico e financeiro para a implanta\u00e7\u00e3o da Guarda Municipal de Paranava\u00ed e amplia\u00e7\u00e3o do sistema de videomonitoramento.<\/p>\n","protected":false},"author":1,"featured_media":0,"comment_status":"open","ping_status":"open","sticky":false,"template":"","format":"standard","meta":{"footnotes":""},"categories":[1],"tags":[5559],"class_list":["post-42238","post","type-post","status-publish","format-standard","hentry","category-noticias-zeca-dirceu","tag-guarda-municipal-apoio-tecnico"],"_links":{"self":[{"href":"https:\/\/teste.bsb.br\/zeca\/wp-json\/wp\/v2\/posts\/42238","targetHints":{"allow":["GET"]}}],"collection":[{"href":"https:\/\/teste.bsb.br\/zeca\/wp-json\/wp\/v2\/posts"}],"about":[{"href":"https:\/\/teste.bsb.br\/zeca\/wp-json\/wp\/v2\/types\/post"}],"author":[{"embeddable":true,"href":"https:\/\/teste.bsb.br\/zeca\/wp-json\/wp\/v2\/users\/1"}],"replies":[{"embeddable":true,"href":"https:\/\/teste.bsb.br\/zeca\/wp-json\/wp\/v2\/comments?post=42238"}],"version-history":[{"count":0,"href":"https:\/\/teste.bsb.br\/zeca\/wp-json\/wp\/v2\/posts\/42238\/revisions"}],"wp:attachment":[{"href":"https:\/\/teste.bsb.br\/zeca\/wp-json\/wp\/v2\/media?parent=42238"}],"wp:term":[{"taxonomy":"category","embeddable":true,"href":"https:\/\/teste.bsb.br\/zeca\/wp-json\/wp\/v2\/categories?post=42238"},{"taxonomy":"post_tag","embeddable":true,"href":"https:\/\/teste.bsb.br\/zeca\/wp-json\/wp\/v2\/tags?post=42238"}],"curies":[{"name":"wp","href":"https:\/\/api.w.org\/{rel}","templated":true}]}}