{"id":42230,"date":"2012-03-26T00:00:00","date_gmt":"2012-03-26T03:00:00","guid":{"rendered":"https:\/\/www.zecadirceu.com.br\/sinal-verde-para-inicio-das-obras-do-hospital-regional-de-toledo-2\/"},"modified":"2012-03-26T00:00:00","modified_gmt":"2012-03-26T03:00:00","slug":"sinal-verde-para-inicio-das-obras-do-hospital-regional-de-toledo-2","status":"publish","type":"post","link":"https:\/\/teste.bsb.br\/zeca\/sinal-verde-para-inicio-das-obras-do-hospital-regional-de-toledo-2\/","title":{"rendered":"Sinal verde para in\u00edcio das obras do Hospital Regional de Toledo"},"content":{"rendered":"<p>Participei hoje (26) da cerim&ocirc;nia de assinatura do contrato entre a Prefeitura Municipal de Toledo e a empresa vencedora da licita&ccedil;&atilde;o para a constru&ccedil;&atilde;o do Hospital Regional de Toledo. A obra ser&aacute; executada pela Construtora Endeal, de Curitiba, que dever&aacute; iniciar os trabalhos imediatamente ap&oacute;s a assinatura da ordem de servi&ccedil;o.<\/p>\n<p>Trata-se de um investimento federal de R$ 11.863.509,46 com contrapartida do munic&iacute;pio de Toledo. O terreno onde ser&aacute; constru&iacute;do o hospital tem de 8.878,74 metros quadrados e foi doado pela prefeitura.<\/p>\n<p>Por meio de of&iacute;cios, conversas e audi&ecirc;ncias, atuei incansavelmente junto ao Minist&eacute;rio da Sa&uacute;de para pleitear a libera&ccedil;&atilde;o de verbas para a constru&ccedil;&atilde;o do Hospital Regional de Toledo. Ressalto ainda o empenho do deputado estadual Elton Velter (PT-PR), que tamb&eacute;m trabalhou pela concretiza&ccedil;&atilde;o desta grande obra. Agrade&ccedil;o tamb&eacute;m a aten&ccedil;&atilde;o dispensada pela Ministra Chefe da Casa Civil, Gleisi Hoffman, e pelo Ministro da Sa&uacute;de, Alexandre Padilha, que se sensibilizaram a quest&atilde;o e viabilizaram os recursos federais.<\/p>\n<p>Em dezembro, foi pago pelo Minist&eacute;rio da Sa&uacute;de R$ 1 milh&atilde;o do montante total. O Hospital Regional de Toledo dever&aacute; atender uma regi&atilde;o de cerca 500 mil pessoas, abrangendo os munic&iacute;pios que fazem parte da 20&ordf; Regional de Sa&uacute;de, atrav&eacute;s da administra&ccedil;&atilde;o do Cons&oacute;rcio Intermunicipal de Sa&uacute;de do Oeste do Paran&aacute; &#8211; Ciscopar.<\/p>\n<p>\n*Vejam entrevista do Ministro Alexandre Padilha sobre a import&acirc;ncia da constru&ccedil;&atilde;o do Hospital.<\/p>\n","protected":false},"excerpt":{"rendered":"<p>Participei hoje (26) da cerim\u00f4nia de assinatura do contrato entre a Prefeitura Municipal de Toledo e a empresa vencedora da licita\u00e7\u00e3o para a constru\u00e7\u00e3o do Hospital Regional de Toledo. A obra ser\u00e1 executada pela Construtora Endeal, de Curitiba, que dever\u00e1 iniciar os trabalhos imediatamente ap\u00f3s a assinatura da ordem de servi\u00e7o.<\/p>\n","protected":false},"author":1,"featured_media":0,"comment_status":"open","ping_status":"open","sticky":false,"template":"","format":"standard","meta":{"footnotes":""},"categories":[1],"tags":[1463,8,1442],"class_list":["post-42230","post","type-post","status-publish","format-standard","hentry","category-noticias-zeca-dirceu","tag-construcao","tag-hospital","tag-toledo"],"_links":{"self":[{"href":"https:\/\/teste.bsb.br\/zeca\/wp-json\/wp\/v2\/posts\/42230","targetHints":{"allow":["GET"]}}],"collection":[{"href":"https:\/\/teste.bsb.br\/zeca\/wp-json\/wp\/v2\/posts"}],"about":[{"href":"https:\/\/teste.bsb.br\/zeca\/wp-json\/wp\/v2\/types\/post"}],"author":[{"embeddable":true,"href":"https:\/\/teste.bsb.br\/zeca\/wp-json\/wp\/v2\/users\/1"}],"replies":[{"embeddable":true,"href":"https:\/\/teste.bsb.br\/zeca\/wp-json\/wp\/v2\/comments?post=42230"}],"version-history":[{"count":0,"href":"https:\/\/teste.bsb.br\/zeca\/wp-json\/wp\/v2\/posts\/42230\/revisions"}],"wp:attachment":[{"href":"https:\/\/teste.bsb.br\/zeca\/wp-json\/wp\/v2\/media?parent=42230"}],"wp:term":[{"taxonomy":"category","embeddable":true,"href":"https:\/\/teste.bsb.br\/zeca\/wp-json\/wp\/v2\/categories?post=42230"},{"taxonomy":"post_tag","embeddable":true,"href":"https:\/\/teste.bsb.br\/zeca\/wp-json\/wp\/v2\/tags?post=42230"}],"curies":[{"name":"wp","href":"https:\/\/api.w.org\/{rel}","templated":true}]}}