{"id":38681,"date":"2010-09-11T00:00:00","date_gmt":"2010-09-11T03:00:00","guid":{"rendered":"https:\/\/www.zecadirceu.com.br\/minha-agenda-neste-11-de-setembro-comecou-cedo\/"},"modified":"2010-09-11T00:00:00","modified_gmt":"2010-09-11T03:00:00","slug":"minha-agenda-neste-11-de-setembro-comecou-cedo","status":"publish","type":"post","link":"https:\/\/teste.bsb.br\/zeca\/minha-agenda-neste-11-de-setembro-comecou-cedo\/","title":{"rendered":"Minha agenda neste 11 de setembro, come\u00e7ou cedo!"},"content":{"rendered":"<p class=\"MsoNormal\" style=\"text-align: justify\"><o:p><\/o:p><\/p>\n<p><span style=\"font-family: &quot;Times New Roman&quot;,&quot;serif&quot;; font-size: 12pt; mso-fareast-font-family: SimSun; mso-bidi-font-family: Tahoma; mso-font-kerning: .5pt; mso-ansi-language: PT-BR; mso-fareast-language: HI; mso-bidi-language: HI\">Minha primeira parada &eacute; na Ind&uacute;stria e Com&eacute;rcio de Alimentos Ltda. Amafil, em Cianorte, onde juntamente com o deputado estadual Jonas Guimar&atilde;es, converso com os trabalhadores. Depois visito o com&eacute;rcio local de Umuarama. L&aacute; tamb&eacute;m converso com os trabalhadores do Curso Pr&oacute;-funcion&aacute;rio. Ao final do dia participo da posse da nova diretoria da Unipar.&nbsp;<\/span><\/p>\n","protected":false},"excerpt":{"rendered":"<p>Minha primeira parada \u00e9 na Ind\u00fastria e Com\u00e9rcio de Alimentos Ltda. Amafil, em Cianorte, onde juntamente com o deputado estadual Jonas Guimar\u00e3es, converso com os trabalhadores. Depois visito o com\u00e9rcio local de Umuarama. L\u00e1 tamb\u00e9m converso com os trabalhadores do Curso Pr\u00f3-funcion\u00e1rio. Ao final do dia participo da posse da nova diretoria da Unipar.<\/p>\n","protected":false},"author":1,"featured_media":38680,"comment_status":"open","ping_status":"open","sticky":false,"template":"","format":"standard","meta":{"footnotes":""},"categories":[1],"tags":[6703],"class_list":["post-38681","post","type-post","status-publish","format-standard","has-post-thumbnail","hentry","category-noticias-zeca-dirceu","tag-agenda-zeca"],"_links":{"self":[{"href":"https:\/\/teste.bsb.br\/zeca\/wp-json\/wp\/v2\/posts\/38681","targetHints":{"allow":["GET"]}}],"collection":[{"href":"https:\/\/teste.bsb.br\/zeca\/wp-json\/wp\/v2\/posts"}],"about":[{"href":"https:\/\/teste.bsb.br\/zeca\/wp-json\/wp\/v2\/types\/post"}],"author":[{"embeddable":true,"href":"https:\/\/teste.bsb.br\/zeca\/wp-json\/wp\/v2\/users\/1"}],"replies":[{"embeddable":true,"href":"https:\/\/teste.bsb.br\/zeca\/wp-json\/wp\/v2\/comments?post=38681"}],"version-history":[{"count":0,"href":"https:\/\/teste.bsb.br\/zeca\/wp-json\/wp\/v2\/posts\/38681\/revisions"}],"wp:featuredmedia":[{"embeddable":true,"href":"https:\/\/teste.bsb.br\/zeca\/wp-json\/wp\/v2\/media\/38680"}],"wp:attachment":[{"href":"https:\/\/teste.bsb.br\/zeca\/wp-json\/wp\/v2\/media?parent=38681"}],"wp:term":[{"taxonomy":"category","embeddable":true,"href":"https:\/\/teste.bsb.br\/zeca\/wp-json\/wp\/v2\/categories?post=38681"},{"taxonomy":"post_tag","embeddable":true,"href":"https:\/\/teste.bsb.br\/zeca\/wp-json\/wp\/v2\/tags?post=38681"}],"curies":[{"name":"wp","href":"https:\/\/api.w.org\/{rel}","templated":true}]}}