{"id":31742,"date":"2011-04-21T00:00:00","date_gmt":"2011-04-21T03:00:00","guid":{"rendered":"https:\/\/www.zecadirceu.com.br\/movimento-pro-parana-defende-voto-distrital-misto-na-reforma-politica\/"},"modified":"2011-04-21T00:00:00","modified_gmt":"2011-04-21T03:00:00","slug":"movimento-pro-parana-defende-voto-distrital-misto-na-reforma-politica","status":"publish","type":"post","link":"https:\/\/teste.bsb.br\/zeca\/movimento-pro-parana-defende-voto-distrital-misto-na-reforma-politica\/","title":{"rendered":"Movimento Pr\u00f3-Paran\u00e1 defende voto distrital misto na Reforma Pol\u00edtica"},"content":{"rendered":"<p>Eu ainda n&atilde;o li a carta que o movimento Pr&oacute;-Paran&aacute; enviou aos parlamentares da bancada paranaense em Bras&iacute;lia, ao governador e aos deputados estaduais com as propostas e sugest&otilde;es para a reforma pol&iacute;tica.<\/p>\n<p>A principal mudan&ccedil;a defendida pelo movimento &eacute; a ado&ccedil;&atilde;o do voto distrital misto. Por esse sistema, o eleitor vota duas vezes na elei&ccedil;&atilde;o proporcional, uma no candidato do seu distrito e outra no partido, que apresenta uma lista fechada de concorrentes. Vou ler a carta e responder ao movimento sobre a posi&ccedil;&atilde;o j&aacute; defendida pelo PT a respeito. Confira no v&iacute;deo ao lado&nbsp;a posi&ccedil;&atilde;o do PT&nbsp;sobre a reforma.<\/p>\n","protected":false},"excerpt":{"rendered":"<p>Eu ainda n\u00e3o li a carta que o movimento Pr\u00f3-Paran\u00e1 enviou aos parlamentares da bancada paranaense em Bras\u00edlia, ao governador e aos deputados estaduais com as propostas e sugest\u00f5es para a reforma pol\u00edtica.<\/p>\n<p>A principal mudan\u00e7a defendida pelo movimento \u00e9 a ado\u00e7\u00e3o do voto distrital misto. Por esse sistema, o eleitor vota duas vezes na elei\u00e7\u00e3o proporcional, uma no candidato do seu distrito e outra no partido, que apresenta uma lista fechada de concorrentes. Vou ler a carta e responder ao movimento sobre a posi\u00e7\u00e3o j\u00e1 defendida pelo PT a respeito. Confira no v\u00eddeo ao lado a posi\u00e7\u00e3o do PT sobre a reforma.<\/p>\n","protected":false},"author":1,"featured_media":31741,"comment_status":"open","ping_status":"open","sticky":false,"template":"","format":"standard","meta":{"footnotes":""},"categories":[1],"tags":[7685,2495],"class_list":["post-31742","post","type-post","status-publish","format-standard","has-post-thumbnail","hentry","category-noticias-zeca-dirceu","tag-pro-parana","tag-reforma-politica"],"_links":{"self":[{"href":"https:\/\/teste.bsb.br\/zeca\/wp-json\/wp\/v2\/posts\/31742","targetHints":{"allow":["GET"]}}],"collection":[{"href":"https:\/\/teste.bsb.br\/zeca\/wp-json\/wp\/v2\/posts"}],"about":[{"href":"https:\/\/teste.bsb.br\/zeca\/wp-json\/wp\/v2\/types\/post"}],"author":[{"embeddable":true,"href":"https:\/\/teste.bsb.br\/zeca\/wp-json\/wp\/v2\/users\/1"}],"replies":[{"embeddable":true,"href":"https:\/\/teste.bsb.br\/zeca\/wp-json\/wp\/v2\/comments?post=31742"}],"version-history":[{"count":0,"href":"https:\/\/teste.bsb.br\/zeca\/wp-json\/wp\/v2\/posts\/31742\/revisions"}],"wp:featuredmedia":[{"embeddable":true,"href":"https:\/\/teste.bsb.br\/zeca\/wp-json\/wp\/v2\/media\/31741"}],"wp:attachment":[{"href":"https:\/\/teste.bsb.br\/zeca\/wp-json\/wp\/v2\/media?parent=31742"}],"wp:term":[{"taxonomy":"category","embeddable":true,"href":"https:\/\/teste.bsb.br\/zeca\/wp-json\/wp\/v2\/categories?post=31742"},{"taxonomy":"post_tag","embeddable":true,"href":"https:\/\/teste.bsb.br\/zeca\/wp-json\/wp\/v2\/tags?post=31742"}],"curies":[{"name":"wp","href":"https:\/\/api.w.org\/{rel}","templated":true}]}}