{"id":30529,"date":"2011-06-08T00:00:00","date_gmt":"2011-06-08T03:00:00","guid":{"rendered":"https:\/\/www.zecadirceu.com.br\/artistas-de-campo-mourao-ganham-destaque-no-festival-da-cancao\/"},"modified":"2011-06-08T00:00:00","modified_gmt":"2011-06-08T03:00:00","slug":"artistas-de-campo-mourao-ganham-destaque-no-festival-da-cancao","status":"publish","type":"post","link":"https:\/\/teste.bsb.br\/zeca\/artistas-de-campo-mourao-ganham-destaque-no-festival-da-cancao\/","title":{"rendered":"Artistas de Campo Mour\u00e3o ganham destaque no Festival da Can\u00e7\u00e3o"},"content":{"rendered":"<p>Um grupo de jovens artistas de Campo Mour&atilde;o foi destaque da final do IX Festival Estudantil da Can&ccedil;&atilde;o em Mambor&ecirc;. A competiv&ccedil;&atilde;o aconteceu paralelamente a fase regional dos 58&ordm; JEPs &ndash; Jogos Escolares do Paran&aacute;.<\/p>\n<div>&nbsp;<\/div>\n<div>O evento foi coordenado pela professora Consuelo Luiza Lucas, do N&uacute;cleo Regional de Educa&ccedil;&atilde;o (NRE) de Campo Mour&atilde;o, em parceria com a prefeitura de Mambor&ecirc;, atrav&eacute;s do Departamento de Cultura.<\/div>\n<div>&nbsp;<\/div>\n<div>A abertura do festival aconteceu no s&aacute;bado (4). Foram realizadas 27 apresenta&ccedil;&otilde;es &nbsp;nas tr&ecirc;s noites da competi&ccedil;&atilde;o, no Centro Cultural Professora Em&iacute;lia Martins Cruz, de Mambor&ecirc;.<\/div>\n<div>&nbsp;<\/div>\n<div>No corpo de jurados estiveram Rayan Roger dos Santos, Rhuan Roger dos Santos, Elaine Cristina, Anderson Garcia e Graziele Gobbi.<\/div>\n<div>&nbsp;<\/div>\n<div>Em primeiro lugar ficou Caroline dos Reis Biazin, representando o Col&eacute;gio Estadual Marechal Rondon de Campo Mour&atilde;o. Ela interpretou a m&uacute;sica &ldquo;N&atilde;o precisa&rdquo;.<\/div>\n<div>&nbsp;<\/div>\n<div>O segundo lugar ficou com a banda formada por Maycon, Alex, Alessandro, Rafael Belinato, Bruno e Rafael Borges do Col&eacute;gio Estadual Dr. Osvaldo Cruz, de Campo Mour&atilde;o.<\/div>\n<div>&nbsp;<\/div>\n<div>Em terceiro lugar, Renato e Gabriel, do Col&eacute;gio Estadual Santo In&aacute;cio de Loyola, de F&ecirc;nix. Na quarta posi&ccedil;&atilde;o, ficou Raul dos Santos Mazetti, do Col&eacute;gio Estadual Campo Mour&atilde;o, seguido da banda General Band Show, do Col&eacute;gio Estadual General Carneiro, de Roncador.<\/div>\n<div>&nbsp;<\/div>\n<div>Mambor&ecirc; participou com os col&eacute;gios Jo&atilde;o XXIII e S&atilde;o Luiz Gonzaga, e ainda com a Escola Rui Barbosa, todas das rede estadual, al&eacute;m da Escola Municipal Nossa Senhora de F&aacute;tima.<\/div>\n<div>&nbsp;<\/div>\n","protected":false},"excerpt":{"rendered":"<p>Um grupo de jovens artistas de Campo Mour\u00e3o foi destaque da final do IX Festival Estudantil da Can\u00e7\u00e3o em Mambor\u00ea. A competiv\u00e7\u00e3o aconteceu paralelamente a fase regional dos 58\u00ba JEPs \u2013 Jogos Escolares do Paran\u00e1.<\/p>\n<p>O evento foi coordenado pela professora Consuelo Luiza Lucas, do N\u00facleo Regional de Educa\u00e7\u00e3o (NRE) de Campo Mour\u00e3o, em parceria com a prefeitura de Mambor\u00ea, atrav\u00e9s do Departamento de Cultura.<\/p>\n","protected":false},"author":1,"featured_media":30528,"comment_status":"open","ping_status":"open","sticky":false,"template":"","format":"standard","meta":{"footnotes":""},"categories":[1],"tags":[7374],"class_list":["post-30529","post","type-post","status-publish","format-standard","has-post-thumbnail","hentry","category-noticias-zeca-dirceu","tag-festival-da-cancao"],"_links":{"self":[{"href":"https:\/\/teste.bsb.br\/zeca\/wp-json\/wp\/v2\/posts\/30529","targetHints":{"allow":["GET"]}}],"collection":[{"href":"https:\/\/teste.bsb.br\/zeca\/wp-json\/wp\/v2\/posts"}],"about":[{"href":"https:\/\/teste.bsb.br\/zeca\/wp-json\/wp\/v2\/types\/post"}],"author":[{"embeddable":true,"href":"https:\/\/teste.bsb.br\/zeca\/wp-json\/wp\/v2\/users\/1"}],"replies":[{"embeddable":true,"href":"https:\/\/teste.bsb.br\/zeca\/wp-json\/wp\/v2\/comments?post=30529"}],"version-history":[{"count":0,"href":"https:\/\/teste.bsb.br\/zeca\/wp-json\/wp\/v2\/posts\/30529\/revisions"}],"wp:featuredmedia":[{"embeddable":true,"href":"https:\/\/teste.bsb.br\/zeca\/wp-json\/wp\/v2\/media\/30528"}],"wp:attachment":[{"href":"https:\/\/teste.bsb.br\/zeca\/wp-json\/wp\/v2\/media?parent=30529"}],"wp:term":[{"taxonomy":"category","embeddable":true,"href":"https:\/\/teste.bsb.br\/zeca\/wp-json\/wp\/v2\/categories?post=30529"},{"taxonomy":"post_tag","embeddable":true,"href":"https:\/\/teste.bsb.br\/zeca\/wp-json\/wp\/v2\/tags?post=30529"}],"curies":[{"name":"wp","href":"https:\/\/api.w.org\/{rel}","templated":true}]}}