{"id":30507,"date":"2011-06-09T00:00:00","date_gmt":"2011-06-09T03:00:00","guid":{"rendered":"https:\/\/www.zecadirceu.com.br\/umuarama-comemora-posse-de-gleisi-na-casa-civil\/"},"modified":"2011-06-09T00:00:00","modified_gmt":"2011-06-09T03:00:00","slug":"umuarama-comemora-posse-de-gleisi-na-casa-civil","status":"publish","type":"post","link":"https:\/\/teste.bsb.br\/zeca\/umuarama-comemora-posse-de-gleisi-na-casa-civil\/","title":{"rendered":"Umuarama comemora posse de Gleisi na Casa Civil"},"content":{"rendered":"<p>&nbsp;O blog reproduz a seguir a &iacute;ntegra da coluna ITALO, do jornal Umuarama Ilustrado desta quinta-feira (9):<\/p>\n<div>&nbsp;<\/div>\n<div>&ldquo;A posse da senadora Gleisi Hoffmann no comando de um dos mais altos e cobi&ccedil;ados cargos da Rep&uacute;blica &eacute;, sem d&uacute;vidas, um motivo de comemora&ccedil;&atilde;o para os paranaenses. Ao assumir a chefia da Casa Civil, ela prova toda a sua compet&ecirc;ncia e vis&atilde;o pol&iacute;tica que j&aacute; havia demonstrado com brilhantismo em outros cargos p&uacute;blicos.<\/div>\n<div>&nbsp;<\/div>\n<div>A nomea&ccedil;&atilde;o da nova ministra para a fun&ccedil;&atilde;o da mais alta confian&ccedil;a da presidente Dilma Rousseff tamb&eacute;m &eacute; raz&atilde;o especial&iacute;ssima para comemora&ccedil;&otilde;es aqui no Noroeste, principalmente em Umuarama, onde ela possui um eleitorado que demonstrou toda a sua confian&ccedil;a e admira&ccedil;&atilde;o na elei&ccedil;&atilde;o passada.<\/div>\n<div>&nbsp;<\/div>\n<div>E, principalmente, fundamento para que a classe pol&iacute;tica, em particular, celebre a posse de Gleisi nessa nova e importante miss&atilde;o, agora no Pal&aacute;cio do Planalto. E, nesse aspecto, quem tem mil motivos para estar feliz &eacute; o jovem deputado federal Zeca Dirceu que, como &eacute; p&uacute;blico e not&oacute;rio, mant&eacute;m parceria de trabalho com a nova ministra h&aacute; bastante tempo.<\/div>\n<div>&nbsp;<\/div>\n<div>Basta citar como exemplo que dessa parceria surgiram conquistas expressivas, como &eacute; o caso do Programa de Desenvolvimento do Arenito Caiu&aacute;, lan&ccedil;ado recentemente pelo Banco do Brasil em Paranava&iacute;. Toda a articula&ccedil;&atilde;o para o sucesso deste programa foi feita pelos dois, em contato com a Superintend&ecirc;ncia do BB no Paran&aacute;. O programa vai beneficiar produtores rurais de mais de 100 munic&iacute;pios com R$ 2,5 bilh&otilde;es nos pr&oacute;ximos anos, o que mostra que tanto o Zeca quanto Gleisi pensam grande e atuam para beneficiar o maior n&uacute;mero poss&iacute;vel de cidades e pessoas.<\/div>\n<div>&nbsp;<\/div>\n<div>Podem ter certeza que, com a ida da senadora Gleisi para a Casa Civil, al&eacute;m do &oacute;bvio prest&iacute;gio pessoal que ela ganha na estrutura de poder, o Paran&aacute; &#8211; e o Zeca, obviamente &#8211; passam a contar com uma interlocutora de peso na ante-sala da presidente Dilma Rousseff. Se o deputado Zeca j&aacute; tinha as portas abertas no Pal&aacute;cio do Planalto, agora a situa&ccedil;&atilde;o &eacute; ainda melhor.<\/div>\n<div>&nbsp;<\/div>\n<div>No final da tarde de ontem, a Coluna ITALO recebeu a informa&ccedil;&atilde;o exclusiva de que Zeca Dirceu estava participando da solenidade de posse da ministra Gleisi Hoffmann na chefia da Casa Civil, oportunidade em que foi apresentar os seus votos de sucesso em nome de todos aqueles que acreditaram e continuam acreditando nela aqui no Noroeste do Paran&aacute;.&rdquo;<\/div>\n<div>&nbsp;<\/div>\n","protected":false},"excerpt":{"rendered":"<p>O blog reproduz a seguir a \u00edntegra da coluna ITALO, do jornal Umuarama Ilustrado desta quinta-feira (9):<\/p>\n<p>\u201cA posse da senadora Gleisi Hoffmann no comando de um dos mais altos e cobi\u00e7ados cargos da Rep\u00fablica \u00e9, sem d\u00favidas, um motivo de comemora\u00e7\u00e3o para os paranaenses. Ao assumir a chefia da Casa Civil, ela prova toda a sua compet\u00eancia e vis\u00e3o pol\u00edtica que j\u00e1 havia demonstrado com brilhantismo em outros cargos p\u00fablicos.<\/p>\n","protected":false},"author":1,"featured_media":30506,"comment_status":"open","ping_status":"open","sticky":false,"template":"","format":"standard","meta":{"footnotes":""},"categories":[1],"tags":[7369],"class_list":["post-30507","post","type-post","status-publish","format-standard","has-post-thumbnail","hentry","category-noticias-zeca-dirceu","tag-umuarama-esta-comemorando-a-posse-de-gleisi-na-casa-civil"],"_links":{"self":[{"href":"https:\/\/teste.bsb.br\/zeca\/wp-json\/wp\/v2\/posts\/30507","targetHints":{"allow":["GET"]}}],"collection":[{"href":"https:\/\/teste.bsb.br\/zeca\/wp-json\/wp\/v2\/posts"}],"about":[{"href":"https:\/\/teste.bsb.br\/zeca\/wp-json\/wp\/v2\/types\/post"}],"author":[{"embeddable":true,"href":"https:\/\/teste.bsb.br\/zeca\/wp-json\/wp\/v2\/users\/1"}],"replies":[{"embeddable":true,"href":"https:\/\/teste.bsb.br\/zeca\/wp-json\/wp\/v2\/comments?post=30507"}],"version-history":[{"count":0,"href":"https:\/\/teste.bsb.br\/zeca\/wp-json\/wp\/v2\/posts\/30507\/revisions"}],"wp:featuredmedia":[{"embeddable":true,"href":"https:\/\/teste.bsb.br\/zeca\/wp-json\/wp\/v2\/media\/30506"}],"wp:attachment":[{"href":"https:\/\/teste.bsb.br\/zeca\/wp-json\/wp\/v2\/media?parent=30507"}],"wp:term":[{"taxonomy":"category","embeddable":true,"href":"https:\/\/teste.bsb.br\/zeca\/wp-json\/wp\/v2\/categories?post=30507"},{"taxonomy":"post_tag","embeddable":true,"href":"https:\/\/teste.bsb.br\/zeca\/wp-json\/wp\/v2\/tags?post=30507"}],"curies":[{"name":"wp","href":"https:\/\/api.w.org\/{rel}","templated":true}]}}