{"id":30503,"date":"2011-06-09T00:00:00","date_gmt":"2011-06-09T03:00:00","guid":{"rendered":"https:\/\/www.zecadirceu.com.br\/cavaleiros-e-amazonas-vao-percorrer-a-estrada-da-boiaderia\/"},"modified":"2011-06-09T00:00:00","modified_gmt":"2011-06-09T03:00:00","slug":"cavaleiros-e-amazonas-vao-percorrer-a-estrada-da-boiaderia","status":"publish","type":"post","link":"https:\/\/teste.bsb.br\/zeca\/cavaleiros-e-amazonas-vao-percorrer-a-estrada-da-boiaderia\/","title":{"rendered":"Cavaleiros e Amazonas v\u00e3o percorrer a Estrada da Boiaderia"},"content":{"rendered":"<p>&nbsp;A Associa&ccedil;&atilde;o dos Cavaleiros e Amazonas de Campo Mour&atilde;o (Acam) est&aacute; organizando a 3&ordf; cavalgada pela Estrada Boiadeira. O evento ser&aacute; realizado no dia 13 de julho com sa&iacute;da das Margens do Rio Paran&aacute;, em Porto Camargo, e chegada em Campo Mour&atilde;o.<\/p>\n<div>&nbsp;<\/div>\n<div>Ser&atilde;o seis dias de cavalgada percorrendo os 180 quil&ocirc;metros da via. O organizador da cavalgada, Jorge Oliveira, informou a jornalista Ana Carla Poliseli, da Tribuna do Interior, que j&aacute; se vinha tentando h&aacute; muito tempo fazer o evento na estrada.<\/div>\n<div>&nbsp;<\/div>\n<div>&ldquo;Foi uma ideia muito antiga, mas que demorou para amadurecer&rdquo;, conta. Oliveira explicou que o objetivo de levar os cavaleiros e amazonas para a regi&atilde;o &eacute; uma forma de protesto. &ldquo;&Eacute; um protesto por tanto desvio de dinheiro que havia sido destinado &agrave;quela estrada que continua do mesmo jeito, abandonada&rdquo;, diz.<\/div>\n<div>&nbsp;<\/div>\n<div>A import&acirc;ncia dela para a economia do Estado tamb&eacute;m ser&aacute; lembrada ao longo da cavalgada. &ldquo;Queremos mostrar a realidade e fazer um resgate hist&oacute;rico do trajeto&rdquo;, acrescenta.<\/div>\n<div>&nbsp;<\/div>\n<div>Os inscritos posar&atilde;o em Porto Camargo na noite do dia 12. Na sequencia, o pernoite acontecer&aacute; em Santa Elisa. No dia 14 a parada ser&aacute; na Fazenda Santa Maria e no dia seguinte, a caminhada segue at&eacute; Cruzeiro do Oeste. O &uacute;ltimo pernoite ser&aacute; no distrito de Guaraitava, em Tuneiras de Oeste. Ao todo, os 180 km ser&atilde;o divididos em 4 etapas de 45 km.<\/div>\n<div>&nbsp;<\/div>\n<div>Nas edi&ccedil;&otilde;es anteriores, Oliveira explicou que o trajeto seria dentro do esperado. &ldquo;A gente gostaria que fosse maior, mas a participa&ccedil;&atilde;o foi expressiva&rdquo;, diz. Um dos motivos que ele colocou como imprescind&iacute;vel para o aumento da participa&ccedil;&atilde;o &eacute; o calend&aacute;rio das cavalgadas na regi&atilde;o, implantado a cerca de quatro anos.<\/div>\n<div>&nbsp;<\/div>\n<div>&ldquo;N&oacute;s iniciamos esse calend&aacute;rio com o objetivo de organizar os eventos no Estado. Na maioria das vezes funciona, mas sempre tem gente que gosta de atrapalhar. Ainda estamos trabalhando nisso&rdquo;, lamenta. J&aacute; foi confirmada a participa&ccedil;&atilde;o de cavaleiros e amazonas de Maring&aacute;, Umuarama e Tapejara, al&eacute;m dos inscritos da regi&atilde;o da Comcam.<\/div>\n<div>&nbsp;<\/div>\n<div>Cavalgada<\/div>\n<div>Integrando o calend&aacute;rio, as cavalgadas em Campo Mour&atilde;o e na regi&atilde;o t&ecirc;m sido realizadas constantemente. &ldquo;Para os munic&iacute;pios a cavalgada &eacute; o evento mais barato e que consegue agradar a todos os tipos de pessoas.&rdquo;&nbsp;<\/div>\n<div>&nbsp;<\/div>\n<div>Oliveira comparou o evento com um show de uma famosa dupla sertaneja. &ldquo;Se voc&ecirc; traz um show, que p&uacute;blico que ele vai atrair? Na grande maioria jovens. O adulto e o idoso fica de fora, pessoas religiosas tamb&eacute;m evitam esse tipo de evento. Na cavalgada temos cavaleiros desde dois anos de idade at&eacute; um com mais de 80 anos&rdquo;, diz.<\/div>\n<div>&nbsp;<\/div>\n<div>Segundo Oliveira as pessoas que participam s&atilde;o aquelas que gostam de passear por locais com belezas naturais, estradas antigas e que oferecem conhecimentos hist&oacute;ricos.<\/div>\n<div>&nbsp;<\/div>\n<div>Acam<\/div>\n<div>Apesar de ainda n&atilde;o ser formalizada, a Associa&ccedil;&atilde;o dos Cavaleiros e Amazonas de Campo Mour&atilde;o (Acam) realiza eventos h&aacute; quase 10 anos. &ldquo;Somos um grupo que se re&uacute;ne e que gosta de cavalgar e prestigiar a natureza. A cavalgada de Mambor&ecirc; a Lunardelli, que tamb&eacute;m dura cinco dias, j&aacute; est&aacute; completando nove anos.&rdquo;<\/div>\n<div>&nbsp;<\/div>\n<div>A quantidade de participantes depende do evento. &ldquo;Se for um passeio de poucas horas re&uacute;ne mais cavaleiros e amazonas, j&aacute; se for um trajeto maior e que necessite de mais resist&ecirc;ncia, principalmente do cavaleiro, h&aacute; uma participa&ccedil;&atilde;o menor&rdquo;, assinala.<\/div>\n<div>&nbsp;<\/div>\n<div>Servi&ccedil;o<\/div>\n<div>Os interessados podem obter mais informa&ccedil;&otilde;es pelo e-mail: acam_cm@hotmail.com. &ldquo;&Eacute; importante que o pessoal entre em contato com a organiza&ccedil;&atilde;o para que a gente possa programar o que vai fazer na estrada&rdquo;, conclui Oliveira.<\/div>\n<div>&nbsp;<\/div>\n<div>&nbsp;<\/div>\n<div>&nbsp;<\/div>\n<div>&nbsp;<\/div>\n<div>&nbsp;<\/div>\n<div>&nbsp;<\/div>\n","protected":false},"excerpt":{"rendered":"<p>A Associa\u00e7\u00e3o dos Cavaleiros e Amazonas de Campo Mour\u00e3o (Acam) est\u00e1 organizando a 3\u00aa cavalgada pela Estrada Boiadeira. O evento ser\u00e1 realizado no dia 13 de julho com sa\u00edda das Margens do Rio Paran\u00e1, em Porto Camargo, e chegada em Campo Mour\u00e3o.<\/p>\n<p>Ser\u00e3o seis dias de cavalgada percorrendo os 180 quil\u00f4metros da via. O organizador da cavalgada, Jorge Oliveira, informou a jornalista Ana Carla Poliseli, da Tribuna do Interior, que j\u00e1 se vinha tentando h\u00e1 muito tempo fazer o evento na estrada.<\/p>\n","protected":false},"author":1,"featured_media":30502,"comment_status":"open","ping_status":"open","sticky":false,"template":"","format":"standard","meta":{"footnotes":""},"categories":[1],"tags":[7367],"class_list":["post-30503","post","type-post","status-publish","format-standard","has-post-thumbnail","hentry","category-noticias-zeca-dirceu","tag-cavaleiros-e-amazonas-vao-percorrer-os-180-quilometros-da-estrada-da-boiaderia3"],"_links":{"self":[{"href":"https:\/\/teste.bsb.br\/zeca\/wp-json\/wp\/v2\/posts\/30503","targetHints":{"allow":["GET"]}}],"collection":[{"href":"https:\/\/teste.bsb.br\/zeca\/wp-json\/wp\/v2\/posts"}],"about":[{"href":"https:\/\/teste.bsb.br\/zeca\/wp-json\/wp\/v2\/types\/post"}],"author":[{"embeddable":true,"href":"https:\/\/teste.bsb.br\/zeca\/wp-json\/wp\/v2\/users\/1"}],"replies":[{"embeddable":true,"href":"https:\/\/teste.bsb.br\/zeca\/wp-json\/wp\/v2\/comments?post=30503"}],"version-history":[{"count":0,"href":"https:\/\/teste.bsb.br\/zeca\/wp-json\/wp\/v2\/posts\/30503\/revisions"}],"wp:featuredmedia":[{"embeddable":true,"href":"https:\/\/teste.bsb.br\/zeca\/wp-json\/wp\/v2\/media\/30502"}],"wp:attachment":[{"href":"https:\/\/teste.bsb.br\/zeca\/wp-json\/wp\/v2\/media?parent=30503"}],"wp:term":[{"taxonomy":"category","embeddable":true,"href":"https:\/\/teste.bsb.br\/zeca\/wp-json\/wp\/v2\/categories?post=30503"},{"taxonomy":"post_tag","embeddable":true,"href":"https:\/\/teste.bsb.br\/zeca\/wp-json\/wp\/v2\/tags?post=30503"}],"curies":[{"name":"wp","href":"https:\/\/api.w.org\/{rel}","templated":true}]}}