{"id":30501,"date":"2011-06-09T00:00:00","date_gmt":"2011-06-09T03:00:00","guid":{"rendered":"https:\/\/www.zecadirceu.com.br\/lula-participa-de-marcha-dos-catadores-em-curitiba\/"},"modified":"2011-06-09T00:00:00","modified_gmt":"2011-06-09T03:00:00","slug":"lula-participa-de-marcha-dos-catadores-em-curitiba","status":"publish","type":"post","link":"https:\/\/teste.bsb.br\/zeca\/lula-participa-de-marcha-dos-catadores-em-curitiba\/","title":{"rendered":"Lula participa de marcha dos catadores em Curitiba"},"content":{"rendered":"<p>O ex-presidente Lula est&aacute; em Curitiba onde participa, desde &agrave;s 14h30, da Marcha de Mobiliza&ccedil;&atilde;o dos Catadores de Materiais Recicl&aacute;veis, em sua primeira visita ao Estado depois de deixar a presid&ecirc;ncia. <\/p>\n<p>Em sua perman&ecirc;ncia em Curitiba, vou acompanhar Lula em alguns eventos.&nbsp; Hoje, o manifesto acontece na Pra&ccedil;a Nossa Senhora da Salete, no Centro C&iacute;vico, e termina &agrave;s cinco horas, no Espa&ccedil;o Cultural Calamengau, no Alto S&atilde;o Francisco, &agrave;s 17 horas. O evento conta com a presen&ccedil;a de catadores de materiais recicl&aacute;veis de todo o Estado. <\/p>\n<p>Durante o encontro, eles far&atilde;o a entrega de documento solicitando atendimento de v&aacute;rias reivindica&ccedil;&otilde;es e a aprova&ccedil;&atilde;o de projeto de lei proibindo incinera&ccedil;&atilde;o de res&iacute;duos s&oacute;lidos no Paran&aacute;. Entre os objetivos da mobiliza&ccedil;&atilde;o est&aacute; a erradica&ccedil;&atilde;o do trabalho de crian&ccedil;as e adolescentes. O presidente fica em Curitiba somente hoje.<\/p>\n","protected":false},"excerpt":{"rendered":"<p>O ex-presidente Lula est\u00e1 em Curitiba onde participa, desde \u00e0s 14h30, da Marcha de Mobiliza\u00e7\u00e3o dos Catadores de Materiais Recicl\u00e1veis, em sua primeira visita ao Estado depois de deixar a presid\u00eancia. <\/p>\n<p>Em sua perman\u00eancia em Curitiba, vou acompanhar Lula em alguns eventos.  Hoje, o manifesto acontece na Pra\u00e7a Nossa Senhora da Salete, no Centro C\u00edvico, e termina \u00e0s cinco horas, no Espa\u00e7o Cultural Calamengau, no Alto S\u00e3o Francisco, \u00e0s 17 horas.<\/p>\n","protected":false},"author":1,"featured_media":30500,"comment_status":"open","ping_status":"open","sticky":false,"template":"","format":"standard","meta":{"footnotes":""},"categories":[1],"tags":[101,62,170],"class_list":["post-30501","post","type-post","status-publish","format-standard","has-post-thumbnail","hentry","category-noticias-zeca-dirceu","tag-catadores","tag-curitiba","tag-lula"],"_links":{"self":[{"href":"https:\/\/teste.bsb.br\/zeca\/wp-json\/wp\/v2\/posts\/30501","targetHints":{"allow":["GET"]}}],"collection":[{"href":"https:\/\/teste.bsb.br\/zeca\/wp-json\/wp\/v2\/posts"}],"about":[{"href":"https:\/\/teste.bsb.br\/zeca\/wp-json\/wp\/v2\/types\/post"}],"author":[{"embeddable":true,"href":"https:\/\/teste.bsb.br\/zeca\/wp-json\/wp\/v2\/users\/1"}],"replies":[{"embeddable":true,"href":"https:\/\/teste.bsb.br\/zeca\/wp-json\/wp\/v2\/comments?post=30501"}],"version-history":[{"count":0,"href":"https:\/\/teste.bsb.br\/zeca\/wp-json\/wp\/v2\/posts\/30501\/revisions"}],"wp:featuredmedia":[{"embeddable":true,"href":"https:\/\/teste.bsb.br\/zeca\/wp-json\/wp\/v2\/media\/30500"}],"wp:attachment":[{"href":"https:\/\/teste.bsb.br\/zeca\/wp-json\/wp\/v2\/media?parent=30501"}],"wp:term":[{"taxonomy":"category","embeddable":true,"href":"https:\/\/teste.bsb.br\/zeca\/wp-json\/wp\/v2\/categories?post=30501"},{"taxonomy":"post_tag","embeddable":true,"href":"https:\/\/teste.bsb.br\/zeca\/wp-json\/wp\/v2\/tags?post=30501"}],"curies":[{"name":"wp","href":"https:\/\/api.w.org\/{rel}","templated":true}]}}