{"id":30473,"date":"2011-06-10T00:00:00","date_gmt":"2011-06-10T03:00:00","guid":{"rendered":"https:\/\/www.zecadirceu.com.br\/falar-pelo-celular-ficou-44-mais-barato-diz-pesquisa\/"},"modified":"2011-06-10T00:00:00","modified_gmt":"2011-06-10T03:00:00","slug":"falar-pelo-celular-ficou-44-mais-barato-diz-pesquisa","status":"publish","type":"post","link":"https:\/\/teste.bsb.br\/zeca\/falar-pelo-celular-ficou-44-mais-barato-diz-pesquisa\/","title":{"rendered":"Falar pelo celular ficou 44% mais barato, diz pesquisa"},"content":{"rendered":"<p>&nbsp;<span class=\"Apple-style-span\" style=\"color: rgb(51, 51, 51); font-family: Arial, sans-serif; font-size: 16px; \">Falar pelo celular ficou 44% mais barato nos &uacute;ltimos dois anos. Como consequ&ecirc;ncia, o tempo que o usu&aacute;rio fala pelo telefone aumentou 42%. &Eacute; o que mostram os dados da consultoria Teleco, divulgados pelo Telebrasil, que representa as operadoras.<\/span><\/p>\n<p class=\"MsoNormal\" style=\"margin-bottom:0cm;margin-bottom:.0001pt;text-align:\njustify;line-height:normal;background:white\"><span style=\"font-size:12.0pt;\nfont-family:&quot;Arial&quot;,&quot;sans-serif&quot;;mso-fareast-font-family:&quot;Times New Roman&quot;;\ncolor:#333333;mso-fareast-language:PT-BR\"><o:p>&nbsp;<\/o:p><\/span><\/p>\n<p class=\"MsoNormal\" style=\"margin-bottom:0cm;margin-bottom:.0001pt;text-align:\njustify;line-height:normal;background:white\"><span style=\"font-size:12.0pt;\nfont-family:&quot;Arial&quot;,&quot;sans-serif&quot;;mso-fareast-font-family:&quot;Times New Roman&quot;;\ncolor:#333333;mso-fareast-language:PT-BR\">De acordo com o levantamento da Teleco, o pre&ccedil;o m&eacute;dio do minuto da telefonia m&oacute;vel, com impostos, caiu de R$ 0,39 no fim do primeiro trimestre de 2009 para R$ 0,22 em mar&ccedil;o de 2011. No mesmo per&iacute;odo, o &iacute;ndice que mede o tempo m&eacute;dio mensal de uso do celular subiu de 77 minutos para 110 minutos.<o:p><\/o:p><\/span><\/p>\n<p class=\"MsoNormal\" style=\"margin-bottom:0cm;margin-bottom:.0001pt;text-align:\njustify;line-height:normal;background:white\"><span style=\"font-size:12.0pt;\nfont-family:&quot;Arial&quot;,&quot;sans-serif&quot;;mso-fareast-font-family:&quot;Times New Roman&quot;;\ncolor:#333333;mso-fareast-language:PT-BR\"><o:p>&nbsp;<\/o:p><\/span><\/p>\n<p class=\"MsoNormal\" style=\"margin-bottom:0cm;margin-bottom:.0001pt;text-align:\njustify;line-height:normal;background:white\"><span style=\"font-size:12.0pt;\nfont-family:&quot;Arial&quot;,&quot;sans-serif&quot;;mso-fareast-font-family:&quot;Times New Roman&quot;;\ncolor:#333333;mso-fareast-language:PT-BR\">Para o Telebrasil, esse cen&aacute;rio &eacute; fruto, principalmente, do regime de competi&ccedil;&atilde;o entre as prestadoras dos servi&ccedil;os, que alcan&ccedil;aram um total de 212 milh&otilde;es de usu&aacute;rios em abril deste ano, o que representa um crescimento de 38% nos &uacute;ltimos dois anos.<o:p><\/o:p><\/span><\/p>\n<p class=\"MsoNormal\" style=\"margin-bottom:0cm;margin-bottom:.0001pt;text-align:\njustify;line-height:normal;background:white\"><span style=\"font-size:12.0pt;\nfont-family:&quot;Arial&quot;,&quot;sans-serif&quot;;mso-fareast-font-family:&quot;Times New Roman&quot;;\ncolor:#333333;mso-fareast-language:PT-BR\"><o:p>&nbsp;<\/o:p><\/span><\/p>\n<p class=\"MsoNormal\" style=\"margin-bottom:0cm;margin-bottom:.0001pt;text-align:\njustify;line-height:normal;background:white\"><span style=\"font-size:12.0pt;\nfont-family:&quot;Arial&quot;,&quot;sans-serif&quot;;mso-fareast-font-family:&quot;Times New Roman&quot;;\ncolor:#333333;mso-fareast-language:PT-BR\">A entidade destacou tamb&eacute;m a expans&atilde;o da cobertura dos servi&ccedil;os em munic&iacute;pios que concentram 99,6% da popula&ccedil;&atilde;o brasileira. Em 36% dos munic&iacute;pios, entre eles os mais populosos, os servi&ccedil;os s&atilde;o prestados por quatro ou cinco operadoras, segundo o Telebrasil. Esse &iacute;ndice sobe para 46% das cidades brasileiras quando &eacute; considerada a presen&ccedil;a de tr&ecirc;s ou mais operadoras prestando os servi&ccedil;os.<o:p><\/o:p><\/span><\/p>\n<p class=\"MsoNormal\" style=\"margin-bottom:0cm;margin-bottom:.0001pt;text-align:\njustify;line-height:normal;background:white\"><b><span style=\"font-size:12.0pt;\nfont-family:&quot;Arial&quot;,&quot;sans-serif&quot;;mso-fareast-font-family:&quot;Times New Roman&quot;;\ncolor:#333333;mso-fareast-language:PT-BR\"><o:p>&nbsp;<\/o:p><\/span><\/b><\/p>\n<p class=\"MsoNormal\" style=\"margin-bottom:0cm;margin-bottom:.0001pt;text-align:\njustify;line-height:normal;background:white\"><b><span style=\"font-size:12.0pt;\nfont-family:&quot;Arial&quot;,&quot;sans-serif&quot;;mso-fareast-font-family:&quot;Times New Roman&quot;;\ncolor:#333333;mso-fareast-language:PT-BR\">Custo<\/span><\/b><span style=\"font-size:12.0pt;font-family:&quot;Arial&quot;,&quot;sans-serif&quot;;mso-fareast-font-family:\n&quot;Times New Roman&quot;;color:#333333;mso-fareast-language:PT-BR\"><o:p><\/o:p><\/span><\/p>\n<p class=\"MsoNormal\" style=\"margin-bottom:0cm;margin-bottom:.0001pt;text-align:\njustify;line-height:normal;background:white\"><span style=\"font-size:12.0pt;\nfont-family:&quot;Arial&quot;,&quot;sans-serif&quot;;mso-fareast-font-family:&quot;Times New Roman&quot;;\ncolor:#333333;mso-fareast-language:PT-BR\"><o:p>&nbsp;<\/o:p><\/span><\/p>\n<p class=\"MsoNormal\" style=\"margin-bottom:0cm;margin-bottom:.0001pt;text-align:\njustify;line-height:normal;background:white\"><span style=\"font-size:12.0pt;\nfont-family:&quot;Arial&quot;,&quot;sans-serif&quot;;mso-fareast-font-family:&quot;Times New Roman&quot;;\ncolor:#333333;mso-fareast-language:PT-BR\">O setor de telecomunica&ccedil;&otilde;es tamb&eacute;m tem tido pre&ccedil;os reajustados abaixo dos &iacute;ndices oficiais de infla&ccedil;&atilde;o como o IPCA (&Iacute;ndice de Pre&ccedil;os ao Consumidor Amplo). Segundo o Telebrasil, nos &uacute;ltimos 12 meses, enquanto o IPCA 15 cheio subiu 6,51%, o grupo de telecomunica&ccedil;&otilde;es &#8211; incluindo tarifas de telefonia, internet e TV paga &#8211; registrou um &iacute;ndice tr&ecirc;s vezes menor, de 1,76%, de junho de 2010 a maio de 2011. O IPCA 15 &eacute; divulgado a cada 15 dias e &eacute; uma pr&eacute;via do IPCA, o indicador oficial da infla&ccedil;&atilde;o no Pa&iacute;s.<o:p><\/o:p><\/span><\/p>\n","protected":false},"excerpt":{"rendered":"<p>Falar pelo celular ficou 44% mais barato nos \u00faltimos dois anos. Como consequ\u00eancia, o tempo que o usu\u00e1rio fala pelo telefone aumentou 42%. \u00c9 o que mostram os dados da consultoria Teleco, divulgados pelo Telebrasil, que representa as operadoras.<\/p>\n<p>De acordo com o levantamento da Teleco, o pre\u00e7o m\u00e9dio do minuto da telefonia m\u00f3vel, com impostos, caiu de R$ 0,39 no fim do primeiro trimestre de 2009 para R$ 0,22 em mar\u00e7o de 2011. No mesmo per\u00edodo, o \u00edndice que mede o tempo m\u00e9dio mensal de uso do celular subiu de 77 minutos para 110 minutos.<\/p>\n","protected":false},"author":1,"featured_media":30472,"comment_status":"open","ping_status":"open","sticky":false,"template":"","format":"standard","meta":{"footnotes":""},"categories":[1],"tags":[5759,7359],"class_list":["post-30473","post","type-post","status-publish","format-standard","has-post-thumbnail","hentry","category-noticias-zeca-dirceu","tag-diz-pesquisa","tag-falar-pelo-celular-ficou-44-mais-barato"],"_links":{"self":[{"href":"https:\/\/teste.bsb.br\/zeca\/wp-json\/wp\/v2\/posts\/30473","targetHints":{"allow":["GET"]}}],"collection":[{"href":"https:\/\/teste.bsb.br\/zeca\/wp-json\/wp\/v2\/posts"}],"about":[{"href":"https:\/\/teste.bsb.br\/zeca\/wp-json\/wp\/v2\/types\/post"}],"author":[{"embeddable":true,"href":"https:\/\/teste.bsb.br\/zeca\/wp-json\/wp\/v2\/users\/1"}],"replies":[{"embeddable":true,"href":"https:\/\/teste.bsb.br\/zeca\/wp-json\/wp\/v2\/comments?post=30473"}],"version-history":[{"count":0,"href":"https:\/\/teste.bsb.br\/zeca\/wp-json\/wp\/v2\/posts\/30473\/revisions"}],"wp:featuredmedia":[{"embeddable":true,"href":"https:\/\/teste.bsb.br\/zeca\/wp-json\/wp\/v2\/media\/30472"}],"wp:attachment":[{"href":"https:\/\/teste.bsb.br\/zeca\/wp-json\/wp\/v2\/media?parent=30473"}],"wp:term":[{"taxonomy":"category","embeddable":true,"href":"https:\/\/teste.bsb.br\/zeca\/wp-json\/wp\/v2\/categories?post=30473"},{"taxonomy":"post_tag","embeddable":true,"href":"https:\/\/teste.bsb.br\/zeca\/wp-json\/wp\/v2\/tags?post=30473"}],"curies":[{"name":"wp","href":"https:\/\/api.w.org\/{rel}","templated":true}]}}