{"id":30467,"date":"2011-06-10T00:00:00","date_gmt":"2011-06-10T03:00:00","guid":{"rendered":"https:\/\/www.zecadirceu.com.br\/dilma-critica-omissao-de-investimentos-em-moradia-popular\/"},"modified":"2011-06-10T00:00:00","modified_gmt":"2011-06-10T03:00:00","slug":"dilma-critica-omissao-de-investimentos-em-moradia-popular","status":"publish","type":"post","link":"https:\/\/teste.bsb.br\/zeca\/dilma-critica-omissao-de-investimentos-em-moradia-popular\/","title":{"rendered":"Dilma critica omiss\u00e3o de investimentos em moradia popular"},"content":{"rendered":"<p>&nbsp;<span class=\"Apple-style-span\" style=\"font-family: Arial, sans-serif; font-size: 16px; line-height: 16px; \">Na tarde de quinta-feira (9) durante evento de entrega de 580 moradias do programa &ldquo;Minha Casa, Minha Vida&rdquo;, a presidenta Dilma Rousseff, fez duras cr&iacute;ticas aos governos anteriores pela omiss&atilde;o de investimentos em moradias populares.<\/span><\/p>\n<p class=\"MsoNormal\" style=\"margin-top:9.0pt;margin-right:7.5pt;margin-bottom:\n9.0pt;margin-left:0cm;text-align:justify;line-height:12.0pt\"><span style=\"font-size:12.0pt;font-family:&quot;Arial&quot;,&quot;sans-serif&quot;;mso-fareast-font-family:\n&quot;Times New Roman&quot;;mso-fareast-language:PT-BR\">Dilma disse, na cerim&ocirc;nia, que a aplica&ccedil;&atilde;o de recursos no setor n&atilde;o &eacute; &quot;uma d&aacute;diva&quot;, mas uma &quot;obriga&ccedil;&atilde;o&quot; do Estado brasileiro. <o:p><\/o:p><\/span><\/p>\n<p class=\"MsoNormal\" style=\"margin-top:9.0pt;margin-right:7.5pt;margin-bottom:\n9.0pt;margin-left:0cm;text-align:justify;line-height:12.0pt\"><span style=\"font-size:12.0pt;font-family:&quot;Arial&quot;,&quot;sans-serif&quot;;mso-fareast-font-family:\n&quot;Times New Roman&quot;;mso-fareast-language:PT-BR\">&quot;N&oacute;s mudamos essa compreens&atilde;o&quot;, disse, ao ressaltar que, no passado, o governo n&atilde;o se preocupava em financiar as habita&ccedil;&otilde;es para pessoas de renda mais baixa.<o:p><\/o:p><\/span><\/p>\n<p class=\"MsoNormal\" style=\"margin-top:9.0pt;margin-right:7.5pt;margin-bottom:\n10.0pt;margin-left:0cm;text-align:justify;line-height:12.0pt\"><span style=\"font-size:12.0pt;font-family:&quot;Arial&quot;,&quot;sans-serif&quot;;mso-fareast-font-family:\n&quot;Times New Roman&quot;;mso-fareast-language:PT-BR\">A presidente fez as declara&ccedil;&otilde;es durante a entrega de 580 moradias do <b>Programa Minha Casa, Minha Vida<\/b>. A presidenta aproveitou o evento para informar que pretende anunciar at&eacute; meados de julho o &quot;Minha Casa, Minha Vida 2&quot;, que tem como proposta entregar 2 milh&otilde;es de unidades habitacionais.<o:p><\/o:p><\/span><\/p>\n","protected":false},"excerpt":{"rendered":"<p>Na tarde de quinta-feira (9) durante evento de entrega de 580 moradias do programa \u201cMinha Casa, Minha Vida\u201d, a presidenta Dilma Rousseff, fez duras cr\u00edticas aos governos anteriores pela omiss\u00e3o de investimentos em moradias populares.<\/p>\n<p>Dilma disse, na cerim\u00f4nia, que a aplica\u00e7\u00e3o de recursos no setor n\u00e3o \u00e9 &#8220;uma d\u00e1diva&#8221;, mas uma &#8220;obriga\u00e7\u00e3o&#8221; do Estado brasileiro.<\/p>\n","protected":false},"author":1,"featured_media":30466,"comment_status":"open","ping_status":"open","sticky":false,"template":"","format":"standard","meta":{"footnotes":""},"categories":[1],"tags":[7356],"class_list":["post-30467","post","type-post","status-publish","format-standard","has-post-thumbnail","hentry","category-noticias-zeca-dirceu","tag-dilma-critica-omissao-de-investimentos-em-moradia-popular"],"_links":{"self":[{"href":"https:\/\/teste.bsb.br\/zeca\/wp-json\/wp\/v2\/posts\/30467","targetHints":{"allow":["GET"]}}],"collection":[{"href":"https:\/\/teste.bsb.br\/zeca\/wp-json\/wp\/v2\/posts"}],"about":[{"href":"https:\/\/teste.bsb.br\/zeca\/wp-json\/wp\/v2\/types\/post"}],"author":[{"embeddable":true,"href":"https:\/\/teste.bsb.br\/zeca\/wp-json\/wp\/v2\/users\/1"}],"replies":[{"embeddable":true,"href":"https:\/\/teste.bsb.br\/zeca\/wp-json\/wp\/v2\/comments?post=30467"}],"version-history":[{"count":0,"href":"https:\/\/teste.bsb.br\/zeca\/wp-json\/wp\/v2\/posts\/30467\/revisions"}],"wp:featuredmedia":[{"embeddable":true,"href":"https:\/\/teste.bsb.br\/zeca\/wp-json\/wp\/v2\/media\/30466"}],"wp:attachment":[{"href":"https:\/\/teste.bsb.br\/zeca\/wp-json\/wp\/v2\/media?parent=30467"}],"wp:term":[{"taxonomy":"category","embeddable":true,"href":"https:\/\/teste.bsb.br\/zeca\/wp-json\/wp\/v2\/categories?post=30467"},{"taxonomy":"post_tag","embeddable":true,"href":"https:\/\/teste.bsb.br\/zeca\/wp-json\/wp\/v2\/tags?post=30467"}],"curies":[{"name":"wp","href":"https:\/\/api.w.org\/{rel}","templated":true}]}}