{"id":30465,"date":"2011-06-10T00:00:00","date_gmt":"2011-06-10T03:00:00","guid":{"rendered":"https:\/\/www.zecadirceu.com.br\/gleisi-e-uma-mulher-excepcional-afirma-lula\/"},"modified":"2011-06-10T00:00:00","modified_gmt":"2011-06-10T03:00:00","slug":"gleisi-e-uma-mulher-excepcional-afirma-lula","status":"publish","type":"post","link":"https:\/\/teste.bsb.br\/zeca\/gleisi-e-uma-mulher-excepcional-afirma-lula\/","title":{"rendered":"Gleisi \u00e9 \u201cuma mulher excepcional\u201d, afirma Lula"},"content":{"rendered":"<p>&nbsp;<span class=\"Apple-style-span\" style=\"font-family: Arial, sans-serif; font-size: 16px; line-height: 16px; \">Em Curitiba, durante a Marcha de Catadores de Papel&atilde;o, realizada ontem (quinta-feira, 9) o ex-presidente Lula disse que considera a nova ministra-chefe da Casa Civil, uma &ldquo;mulher excepcional&rdquo; e que confia no trabalho da ex-senadora no governo.<\/span><\/p>\n<p class=\"MsoNormal\" style=\"margin-top:0cm;margin-right:7.5pt;margin-bottom:9.0pt;\nmargin-left:0cm;text-align:justify;line-height:12.0pt\"><span style=\"font-size:\n12.0pt;font-family:&quot;Arial&quot;,&quot;sans-serif&quot;;mso-fareast-font-family:&quot;Times New Roman&quot;;\nmso-fareast-language:PT-BR\">&ldquo;A Gleisi &eacute; competente e tem plena confian&ccedil;a para realizar um &oacute;timo trabalho ao lado da presidenta Dilma Rousseff&rdquo;, declarou Lula. <o:p><\/o:p><\/span><\/p>\n<p class=\"MsoNormal\" style=\"margin-top:0cm;margin-right:7.5pt;margin-bottom:0cm;\nmargin-left:0cm;margin-bottom:.0001pt;text-align:justify;line-height:12.0pt\"><span style=\"font-size:12.0pt;font-family:&quot;Arial&quot;,&quot;sans-serif&quot;;mso-fareast-font-family:\n&quot;Times New Roman&quot;;mso-fareast-language:PT-BR\">As declara&ccedil;&otilde;es de Lula foram feitas durante o evento dos recicladores de papel, para um p&uacute;blico formado basicamente por mulheres do<\/span><a href=\"file:\/\/\/D:\/Downloads\/Notas%20Zeca%201006.docx\"><span style=\"font-size:12.0pt;font-family:&quot;Arial&quot;,&quot;sans-serif&quot;;mso-fareast-font-family:\n&quot;Times New Roman&quot;;color:blue;display:none;mso-hide:all;border:solid #B5B5B5 1.0pt;\nmso-border-alt:solid #B5B5B5 .75pt;padding:0cm;background:#F1F1F1;mso-fareast-language:\nPT-BR;text-decoration:none;text-underline:none\">Ampliar imagem<\/span><\/a><span style=\"font-size:12.0pt;font-family:&quot;Arial&quot;,&quot;sans-serif&quot;;mso-fareast-font-family:\n&quot;Times New Roman&quot;;mso-fareast-language:PT-BR;mso-bidi-font-weight:bold\">Movimento Nacional das Catadoras de Material Recicl&aacute;vel, durante<\/span><span style=\"font-size:12.0pt;font-family:&quot;Arial&quot;,&quot;sans-serif&quot;;mso-fareast-font-family:\n&quot;Times New Roman&quot;;mso-fareast-language:PT-BR\"> o Encontro Nacional das Mulheres Catadoras no litoral do Paran&aacute;. O evento reuniu cerca de 300 pessoas no Espa&ccedil;o Cultural Calamengau, no Alto do S&atilde;o Francisco, em Curitiba.<b><o:p><\/o:p><\/b><\/span><\/p>\n<p class=\"MsoNormal\" style=\"margin-top:9.0pt;margin-right:7.5pt;margin-bottom:\n9.0pt;margin-left:0cm;text-align:justify;line-height:12.0pt\"><span style=\"font-size:12.0pt;font-family:&quot;Arial&quot;,&quot;sans-serif&quot;;mso-fareast-font-family:\n&quot;Times New Roman&quot;;mso-fareast-language:PT-BR\">Lula chegou ao local por volta das 17h e distribuiu abra&ccedil;os e aut&oacute;grafos para os presentes. Por cerca de uma hora, ele esteve ao lado de deputados, vereadores e lideran&ccedil;as do Partido dos Trabalhadores (PT) e deixou o local &agrave;s 18h, rumo a <span style=\"color:black;\nmso-themecolor:text1;mso-bidi-font-weight:bold\">S&atilde;o Bernardo do Campo<\/span><span style=\"color:black;mso-themecolor:text1\">, <\/span>no interior de S&atilde;o Paulo.<o:p><\/o:p><\/span><\/p>\n","protected":false},"excerpt":{"rendered":"<p>Em Curitiba, durante a Marcha de Catadores de Papel\u00e3o, realizada ontem (quinta-feira, 9) o ex-presidente Lula disse que considera a nova ministra-chefe da Casa Civil, uma \u201cmulher excepcional\u201d e que confia no trabalho da ex-senadora no governo.<\/p>\n<p>\u201cA Gleisi \u00e9 competente e tem plena confian\u00e7a para realizar um \u00f3timo trabalho ao lado da presidenta Dilma Rousseff\u201d, declarou Lula.<\/p>\n","protected":false},"author":1,"featured_media":30464,"comment_status":"open","ping_status":"open","sticky":false,"template":"","format":"standard","meta":{"footnotes":""},"categories":[1],"tags":[7355,7354],"class_list":["post-30465","post","type-post","status-publish","format-standard","has-post-thumbnail","hentry","category-noticias-zeca-dirceu","tag-afirma-lula","tag-gleisi-e-uma-mulher-excepcional"],"_links":{"self":[{"href":"https:\/\/teste.bsb.br\/zeca\/wp-json\/wp\/v2\/posts\/30465","targetHints":{"allow":["GET"]}}],"collection":[{"href":"https:\/\/teste.bsb.br\/zeca\/wp-json\/wp\/v2\/posts"}],"about":[{"href":"https:\/\/teste.bsb.br\/zeca\/wp-json\/wp\/v2\/types\/post"}],"author":[{"embeddable":true,"href":"https:\/\/teste.bsb.br\/zeca\/wp-json\/wp\/v2\/users\/1"}],"replies":[{"embeddable":true,"href":"https:\/\/teste.bsb.br\/zeca\/wp-json\/wp\/v2\/comments?post=30465"}],"version-history":[{"count":0,"href":"https:\/\/teste.bsb.br\/zeca\/wp-json\/wp\/v2\/posts\/30465\/revisions"}],"wp:featuredmedia":[{"embeddable":true,"href":"https:\/\/teste.bsb.br\/zeca\/wp-json\/wp\/v2\/media\/30464"}],"wp:attachment":[{"href":"https:\/\/teste.bsb.br\/zeca\/wp-json\/wp\/v2\/media?parent=30465"}],"wp:term":[{"taxonomy":"category","embeddable":true,"href":"https:\/\/teste.bsb.br\/zeca\/wp-json\/wp\/v2\/categories?post=30465"},{"taxonomy":"post_tag","embeddable":true,"href":"https:\/\/teste.bsb.br\/zeca\/wp-json\/wp\/v2\/tags?post=30465"}],"curies":[{"name":"wp","href":"https:\/\/api.w.org\/{rel}","templated":true}]}}