{"id":30457,"date":"2011-06-10T00:00:00","date_gmt":"2011-06-10T03:00:00","guid":{"rendered":"https:\/\/www.zecadirceu.com.br\/campanha-transito-legal-quer-mobilizar-populacao-de-campo-mourao\/"},"modified":"2011-06-10T00:00:00","modified_gmt":"2011-06-10T03:00:00","slug":"campanha-transito-legal-quer-mobilizar-populacao-de-campo-mourao","status":"publish","type":"post","link":"https:\/\/teste.bsb.br\/zeca\/campanha-transito-legal-quer-mobilizar-populacao-de-campo-mourao\/","title":{"rendered":"Campanha \u201cTr\u00e2nsito Legal\u201d quer mobilizar popula\u00e7\u00e3o de Campo Mour\u00e3o"},"content":{"rendered":"<p>&nbsp;A Pol&iacute;cia Militar em parceria com os Rotarys Clubes, escolas estaduais e municipais, Diretran, Tiro de Guerra, associa&ccedil;&otilde;es, entre outros clubes de servi&ccedil;os, lan&ccedil;am no pr&oacute;ximo dia 27, uma mega campanha de conscientiza&ccedil;&atilde;o no tr&acirc;nsito de Campo Mour&atilde;o. Ser&atilde;o realizadas em todo o per&iacute;metro urbano, v&aacute;rias blitze educativas.<\/p>\n<p class=\"MsoNormal\"><o:p>&nbsp;<\/o:p><\/p>\n<p class=\"MsoNormal\">A mobiliza&ccedil;&atilde;o ser&aacute; aberta na pra&ccedil;a da Catedral S&atilde;o Jos&eacute;, &agrave;s 9 horas e encerrada somente no dia 30, informa o jornal <b>Tribuna do Interior<\/b>.<\/p>\n<p class=\"MsoNormal\"><o:p>&nbsp;<\/o:p><\/p>\n<p class=\"MsoNormal\">De acordo com o major Virgulino Alves Silveira, subcomandante do 11&ordm; Batalh&atilde;o de Pol&iacute;cia Militar, a ideia &eacute; conscientizar os usu&aacute;rios do tr&acirc;nsito quanto a import&acirc;ncia de praticar a dire&ccedil;&atilde;o defensiva. O major comenta que ser&atilde;o realizadas palestras nas escolas do munic&iacute;pio. A inten&ccedil;&atilde;o &eacute; orientar os alunos em sala de aula, para que eles repassem as informa&ccedil;&otilde;es aos seus pais em casa.<\/p>\n<p class=\"MsoNormal\"><o:p>&nbsp;<\/o:p><\/p>\n<p class=\"MsoNormal\">Durante as blitze, conforme Silveira, os estudantes abordar&atilde;o e entregar&atilde;o aos motoristas multas simb&oacute;licas. Ser&atilde;o feitas tamb&eacute;m exposi&ccedil;&otilde;es de carros envolvidos em acidentes, em pontos mais movimentados para a sensibiliza&ccedil;&atilde;o da popula&ccedil;&atilde;o quanto aos riscos no tr&acirc;nsito.<\/p>\n<p class=\"MsoNormal\"><o:p>&nbsp;<\/o:p><\/p>\n<p class=\"MsoNormal\">&ldquo;J&aacute; fizemos v&aacute;rias reuni&otilde;es com os Rotarys e outros parceiros para acertar detalhes. O objetivo &eacute; conscientizar a comunidade para um tr&acirc;nsito melhor&rdquo;, ressalta o major, acrescentando que os motoristas que tiverem trafegando corretamente ganhar&atilde;o o adesivo com a seguinte frase: &ldquo;Motorista 100%&rdquo;. Ser&atilde;o instaladas tamb&eacute;m pela cidade faixas com avisos de tr&acirc;nsitos &agrave;s pessoas.<\/p>\n<p class=\"MsoNormal\"><o:p>&nbsp;<\/o:p><\/p>\n<p class=\"MsoNormal\">Para se ter uma ideia, conforme balan&ccedil;o do Corpo de Bombeiros, o m&ecirc;s de maio fechou com 77 acidentes de tr&acirc;nsito. As motocicletas s&atilde;o os ve&iacute;culos que mais se envolvem em acidentes, foram, 42. Cinco pessoas j&aacute; morreram at&eacute; agora.<\/p>\n<p class=\"MsoNormal\"><o:p>&nbsp;<\/o:p><\/p>\n<p class=\"MsoNormal\">De acordo com Silveira, a PM tem realizado diariamente blitze em v&aacute;rios pontos da cidade. Por&eacute;m, segundo ele a inten&ccedil;&atilde;o &eacute; reduzir cada vez mais o n&uacute;mero de acidentes no tr&acirc;nsito. &ldquo;A diminui&ccedil;&atilde;o dos acidentes &eacute; uma luta di&aacute;ria nossa. Na verdade o &iacute;ndice j&aacute; tem reduzido bastante, mas ainda n&atilde;o estamos satisfeitos. Por isso vamos mobilizar a sociedade&rdquo;, avisa.<\/p>\n<p class=\"MsoNormal\"><o:p>&nbsp;<\/o:p><\/p>\n<p class=\"MsoNormal\">Para uma melhor seguran&ccedil;a no tr&acirc;nsito, segue algumas dicas: Conduza motocicletas sempre com farol ligado e uso do capacete, respeite o limite de velocidade, n&atilde;o invada preferenciais, utilize sempre o cinto de seguran&ccedil;a, n&atilde;o entregue ve&iacute;culos a pessoas n&atilde;os habilitadas, se beber n&atilde;o dirija.<\/p>\n","protected":false},"excerpt":{"rendered":"<p>A Pol\u00edcia Militar em parceria com os Rotarys Clubes, escolas estaduais e municipais, Diretran, Tiro de Guerra, associa\u00e7\u00f5es, entre outros clubes de servi\u00e7os, lan\u00e7am no pr\u00f3ximo dia 27, uma mega campanha de conscientiza\u00e7\u00e3o no tr\u00e2nsito de Campo Mour\u00e3o. Ser\u00e3o realizadas em todo o per\u00edmetro urbano, v\u00e1rias blitze educativas.<\/p>\n<p>A mobiliza\u00e7\u00e3o ser\u00e1 aberta na pra\u00e7a da Catedral S\u00e3o Jos\u00e9, \u00e0s 9 horas e encerrada somente no dia 30, informa o jornal Tribuna do Interior.<\/p>\n","protected":false},"author":1,"featured_media":30456,"comment_status":"open","ping_status":"open","sticky":false,"template":"","format":"standard","meta":{"footnotes":""},"categories":[1],"tags":[7351],"class_list":["post-30457","post","type-post","status-publish","format-standard","has-post-thumbnail","hentry","category-noticias-zeca-dirceu","tag-campanha-transito-legal-quer-mobilizar-populacao-de-campo-mourao"],"_links":{"self":[{"href":"https:\/\/teste.bsb.br\/zeca\/wp-json\/wp\/v2\/posts\/30457","targetHints":{"allow":["GET"]}}],"collection":[{"href":"https:\/\/teste.bsb.br\/zeca\/wp-json\/wp\/v2\/posts"}],"about":[{"href":"https:\/\/teste.bsb.br\/zeca\/wp-json\/wp\/v2\/types\/post"}],"author":[{"embeddable":true,"href":"https:\/\/teste.bsb.br\/zeca\/wp-json\/wp\/v2\/users\/1"}],"replies":[{"embeddable":true,"href":"https:\/\/teste.bsb.br\/zeca\/wp-json\/wp\/v2\/comments?post=30457"}],"version-history":[{"count":0,"href":"https:\/\/teste.bsb.br\/zeca\/wp-json\/wp\/v2\/posts\/30457\/revisions"}],"wp:featuredmedia":[{"embeddable":true,"href":"https:\/\/teste.bsb.br\/zeca\/wp-json\/wp\/v2\/media\/30456"}],"wp:attachment":[{"href":"https:\/\/teste.bsb.br\/zeca\/wp-json\/wp\/v2\/media?parent=30457"}],"wp:term":[{"taxonomy":"category","embeddable":true,"href":"https:\/\/teste.bsb.br\/zeca\/wp-json\/wp\/v2\/categories?post=30457"},{"taxonomy":"post_tag","embeddable":true,"href":"https:\/\/teste.bsb.br\/zeca\/wp-json\/wp\/v2\/tags?post=30457"}],"curies":[{"name":"wp","href":"https:\/\/api.w.org\/{rel}","templated":true}]}}