{"id":30453,"date":"2011-06-10T00:00:00","date_gmt":"2011-06-10T03:00:00","guid":{"rendered":"https:\/\/www.zecadirceu.com.br\/ideli-assume-secretaria-de-relacoes-institucionais\/"},"modified":"2011-06-10T00:00:00","modified_gmt":"2011-06-10T03:00:00","slug":"ideli-assume-secretaria-de-relacoes-institucionais","status":"publish","type":"post","link":"https:\/\/teste.bsb.br\/zeca\/ideli-assume-secretaria-de-relacoes-institucionais\/","title":{"rendered":"Ideli assume Secretaria de Rela\u00e7\u00f5es Institucionais"},"content":{"rendered":"<p>&nbsp;<span style=\"mso-spacerun:yes\">&nbsp;<\/span>A presidenta Dilma Rousseff decidiu nesta sexta-feira (10) trocar a articula&ccedil;&atilde;o pol&iacute;tica de seu governo e optou por uma solu&ccedil;&atilde;o caseira. A atual ministra da Pesca e Aquicultura, Ideli Salvatti (PT-SC), vai ocupar a Secretaria de Rela&ccedil;&otilde;es Institucionais. J&aacute; o ministro de Rela&ccedil;&otilde;es Institucionais, Luiz S&eacute;rgio, foi designado para a Pesca e Aquicultura.<\/p>\n<p class=\"MsoNormal\"><o:p>&nbsp;<\/o:p><\/p>\n<p class=\"MsoNormal\">Foi a segunda mudan&ccedil;a no minist&eacute;rio de Dilma, destaca a <b>Ag&ecirc;ncia Brasil<\/b>. Na ter&ccedil;a-feira, Antonio Palocci foi substitu&iacute;do na Casa Civil pela senadora Gleisi Hoffmann (PT-PR). A troca de Ideli por Luiz S&eacute;rgio foi confirmada h&aacute; pouco pela assessoria de imprensa da Secretaria de Rela&ccedil;&otilde;es Institucionais.<\/p>\n<p class=\"MsoNormal\"><o:p>&nbsp;<\/o:p><\/p>\n<p class=\"MsoNormal\">A atua&ccedil;&atilde;o de Luiz S&eacute;rgio j&aacute; vinha sendo criticada no Congresso Nacional. Na pr&aacute;tica, o di&aacute;logo do governo com a C&acirc;mara e o Senado estava sendo conduzido mais por Palocci, que deixou o governo em meio &agrave;s den&uacute;ncias de enriquecimento il&iacute;cito, devido ao aumento de seu patrim&ocirc;nio nos &uacute;ltimos anos.<\/p>\n<p class=\"MsoNormal\"><o:p>&nbsp;<\/o:p><\/p>\n<p class=\"MsoNormal\">Como a nova ministra da Casa Civil tem um perfil muito mais t&eacute;cnico que pol&iacute;tico, a Secretaria de Rela&ccedil;&otilde;es Institucionais passar&aacute; a ter um protagonismo maior no governo. Por isso, o Pal&aacute;cio do Planalto buscou Ideli para substituir o desgastado Luiz S&eacute;rgio.<\/p>\n<p class=\"MsoNormal\"><o:p>&nbsp;<\/o:p><\/p>\n<p class=\"MsoNormal\">No Senado, Ideli foi l&iacute;der do governo do ex-presidente Luiz In&aacute;cio Lula da Silva. Foi uma ferrenha defensora do governo Lula, principalmente durante a crise provocada pelas den&uacute;ncias de mensal&atilde;o.<\/p>\n","protected":false},"excerpt":{"rendered":"<p>A presidenta Dilma Rousseff decidiu nesta sexta-feira (10) trocar a articula\u00e7\u00e3o pol\u00edtica de seu governo e optou por uma solu\u00e7\u00e3o caseira. A atual ministra da Pesca e Aquicultura, Ideli Salvatti (PT-SC), vai ocupar a Secretaria de Rela\u00e7\u00f5es Institucionais. J\u00e1 o ministro de Rela\u00e7\u00f5es Institucionais, Luiz S\u00e9rgio, foi designado para a Pesca e Aquicultura.<\/p>\n<p>Foi a segunda mudan\u00e7a no minist\u00e9rio de Dilma, destaca a Ag\u00eancia Brasil. Na ter\u00e7a-feira, Antonio Palocci foi substitu\u00eddo na Casa Civil pela senadora Gleisi Hoffmann (PT-PR). A troca de Ideli por Luiz S\u00e9rgio foi confirmada h\u00e1 pouco pela assessoria de imprensa da Secretaria de Rela\u00e7\u00f5es Institucionais.<\/p>\n","protected":false},"author":1,"featured_media":30452,"comment_status":"open","ping_status":"open","sticky":false,"template":"","format":"standard","meta":{"footnotes":""},"categories":[1],"tags":[7349],"class_list":["post-30453","post","type-post","status-publish","format-standard","has-post-thumbnail","hentry","category-noticias-zeca-dirceu","tag-ideli-assume-secretaria-de-relacoes-institucionais-e-luiz-sergio-vai-para-o-ministerio-da"],"_links":{"self":[{"href":"https:\/\/teste.bsb.br\/zeca\/wp-json\/wp\/v2\/posts\/30453","targetHints":{"allow":["GET"]}}],"collection":[{"href":"https:\/\/teste.bsb.br\/zeca\/wp-json\/wp\/v2\/posts"}],"about":[{"href":"https:\/\/teste.bsb.br\/zeca\/wp-json\/wp\/v2\/types\/post"}],"author":[{"embeddable":true,"href":"https:\/\/teste.bsb.br\/zeca\/wp-json\/wp\/v2\/users\/1"}],"replies":[{"embeddable":true,"href":"https:\/\/teste.bsb.br\/zeca\/wp-json\/wp\/v2\/comments?post=30453"}],"version-history":[{"count":0,"href":"https:\/\/teste.bsb.br\/zeca\/wp-json\/wp\/v2\/posts\/30453\/revisions"}],"wp:featuredmedia":[{"embeddable":true,"href":"https:\/\/teste.bsb.br\/zeca\/wp-json\/wp\/v2\/media\/30452"}],"wp:attachment":[{"href":"https:\/\/teste.bsb.br\/zeca\/wp-json\/wp\/v2\/media?parent=30453"}],"wp:term":[{"taxonomy":"category","embeddable":true,"href":"https:\/\/teste.bsb.br\/zeca\/wp-json\/wp\/v2\/categories?post=30453"},{"taxonomy":"post_tag","embeddable":true,"href":"https:\/\/teste.bsb.br\/zeca\/wp-json\/wp\/v2\/tags?post=30453"}],"curies":[{"name":"wp","href":"https:\/\/api.w.org\/{rel}","templated":true}]}}