{"id":30361,"date":"2011-06-14T00:00:00","date_gmt":"2011-06-14T03:00:00","guid":{"rendered":"https:\/\/www.zecadirceu.com.br\/agricultura-vai-crescer-23-ate-2021-no-brasil\/"},"modified":"2011-06-14T00:00:00","modified_gmt":"2011-06-14T03:00:00","slug":"agricultura-vai-crescer-23-ate-2021-no-brasil","status":"publish","type":"post","link":"https:\/\/teste.bsb.br\/zeca\/agricultura-vai-crescer-23-ate-2021-no-brasil\/","title":{"rendered":"Agricultura vai crescer 23% at\u00e9 2021 no Brasil"},"content":{"rendered":"<p>A produ&ccedil;&atilde;o de gr&atilde;os no Brasil n&atilde;o p&aacute;ra de cresce com a pol&iacute;tica agr&iacute;cola adotada pelo governo federal. Segundo estimativas do Minist&eacute;rio da Agricultura, Pecu&aacute;ria e Abastecimento (Mapa), divulgadas nesta ter&ccedil;a-feira (14\/6), em Bras&iacute;lia, a produ&ccedil;&atilde;o de gr&atilde;os deve aumentar 23% at&eacute; 2021 e a &aacute;rea de colheita ser&aacute; 9,5% maior que atual. <\/p>\n<p>A produtividade da agricultura empresarial brasileira vai continuar a garantir safras cada vez maiores, mas com uma expans&atilde;o menor da &aacute;rea plantada at&eacute; a pr&oacute;xima d&eacute;cada. <\/p>\n<p>A participa&ccedil;&atilde;o da produ&ccedil;&atilde;o brasileira no com&eacute;rcio exterior deve aumentar ainda mais, ressaltando que o mercado interno mantenha-se como o principal destino dos alimentos produzidos no pa&iacute;s.<\/p>\n<p>Os n&uacute;meros foram colocados pela Assessoria de Comunica&ccedil;&atilde;o Social (ACS) no site do Mapa. As estimativas constam do relat&oacute;rio &ldquo;Brasil &ndash; Proje&ccedil;&otilde;es do Agroneg&oacute;cio 2010\/2011 a 2020\/2021&rdquo; do minist&eacute;rio, realizado em parceria com a Empresa Brasileira de Pesquisa Agropecu&aacute;ria (Embrapa). <\/p>\n<p>&ldquo;O pa&iacute;s deve continuar a produzir alimentos para o nosso povo e outras na&ccedil;&otilde;es do planeta. Isso mostra a import&acirc;ncia e a for&ccedil;a do setor agropecu&aacute;rio na economia brasileira&rdquo;, aponta o ministro da Agricultura, Wagner Rossi, que concedeu entrevista junto com o coordenador geral de Planejamento Estrat&eacute;gico do Minist&eacute;rio, Jos&eacute; Garcia Gasques.<\/p>\n","protected":false},"excerpt":{"rendered":"<p>A produ\u00e7\u00e3o de gr\u00e3os no Brasil n\u00e3o p\u00e1ra de crescer com a pol\u00edtica agr\u00edcola adotada pelo governo federal. <\/p>\n<p>Segundo estimativas do Minist\u00e9rio da Agricultura, Pecu\u00e1ria e Abastecimento (Mapa), divulgadas nesta ter\u00e7a-feira (14\/6), em Bras\u00edlia, a produ\u00e7\u00e3o de gr\u00e3os deve aumentar 23% at\u00e9 2021 e a \u00e1rea de colheita ser\u00e1 9,5% maior que atual.<\/p>\n","protected":false},"author":1,"featured_media":30360,"comment_status":"open","ping_status":"open","sticky":false,"template":"","format":"standard","meta":{"footnotes":""},"categories":[1],"tags":[11,83,2378],"class_list":["post-30361","post","type-post","status-publish","format-standard","has-post-thumbnail","hentry","category-noticias-zeca-dirceu","tag-agricultura","tag-brasil","tag-crescimento"],"_links":{"self":[{"href":"https:\/\/teste.bsb.br\/zeca\/wp-json\/wp\/v2\/posts\/30361","targetHints":{"allow":["GET"]}}],"collection":[{"href":"https:\/\/teste.bsb.br\/zeca\/wp-json\/wp\/v2\/posts"}],"about":[{"href":"https:\/\/teste.bsb.br\/zeca\/wp-json\/wp\/v2\/types\/post"}],"author":[{"embeddable":true,"href":"https:\/\/teste.bsb.br\/zeca\/wp-json\/wp\/v2\/users\/1"}],"replies":[{"embeddable":true,"href":"https:\/\/teste.bsb.br\/zeca\/wp-json\/wp\/v2\/comments?post=30361"}],"version-history":[{"count":0,"href":"https:\/\/teste.bsb.br\/zeca\/wp-json\/wp\/v2\/posts\/30361\/revisions"}],"wp:featuredmedia":[{"embeddable":true,"href":"https:\/\/teste.bsb.br\/zeca\/wp-json\/wp\/v2\/media\/30360"}],"wp:attachment":[{"href":"https:\/\/teste.bsb.br\/zeca\/wp-json\/wp\/v2\/media?parent=30361"}],"wp:term":[{"taxonomy":"category","embeddable":true,"href":"https:\/\/teste.bsb.br\/zeca\/wp-json\/wp\/v2\/categories?post=30361"},{"taxonomy":"post_tag","embeddable":true,"href":"https:\/\/teste.bsb.br\/zeca\/wp-json\/wp\/v2\/tags?post=30361"}],"curies":[{"name":"wp","href":"https:\/\/api.w.org\/{rel}","templated":true}]}}