{"id":30359,"date":"2011-06-14T00:00:00","date_gmt":"2011-06-14T03:00:00","guid":{"rendered":"https:\/\/www.zecadirceu.com.br\/dilma-destaca-acoes-do-brasil-sem-miseria-no-programa-cafe-com-a-presidenta\/"},"modified":"2011-06-14T00:00:00","modified_gmt":"2011-06-14T03:00:00","slug":"dilma-destaca-acoes-do-brasil-sem-miseria-no-programa-cafe-com-a-presidenta","status":"publish","type":"post","link":"https:\/\/teste.bsb.br\/zeca\/dilma-destaca-acoes-do-brasil-sem-miseria-no-programa-cafe-com-a-presidenta\/","title":{"rendered":"Dilma destaca a\u00e7\u00f5es do \u201cBrasil Sem Mis\u00e9ria\u201d no programa Caf\u00e9 com a Presidenta"},"content":{"rendered":"<p>Em entrevista ao programa &ldquo;Caf&eacute; com a Presidenta&rdquo;, nesta segunda-feira (13), transmitido pela R&aacute;dio Nacional, a presidenta Dilma Rousseff, destacou as a&ccedil;&otilde;es previstas no programa &ldquo;Brasil Sem Mis&eacute;ria&rdquo;.&nbsp; <\/p>\n<p>Segundo a presidenta Dilma, as a&ccedil;&otilde;es consistem em empr&eacute;stimos, cursos de capacita&ccedil;&atilde;o, forma&ccedil;&atilde;o e cooperativas. A presidenta iniciou a entrevista explicando que &ldquo;a mis&eacute;ria nas cidades tem v&aacute;rias causas&rdquo;. Segundo contou, &ldquo;para algumas pessoas falta capacita&ccedil;&atilde;o para conseguir emprego&rdquo;. E prosseguiu: outras recebem muito pouco pelo trabalho que fazem. <\/p>\n<p>Para esses trabalhadores, o Brasil sem Mis&eacute;ria, vai oferecer cursos de capacita&ccedil;&atilde;o profissional para 1,7 milh&atilde;o de jovens e adultos, e vai encaminh&aacute;-los para o mercado de trabalho.<br \/>\n&ldquo;Al&eacute;m disso, vamos oferecer cr&eacute;dito e incentivos para quem quiser abrir ou melhorar seu pr&oacute;prio neg&oacute;cio. Agora, Luciano, nas cidades h&aacute; tamb&eacute;m pessoas que sequer entram nas estat&iacute;sticas, porque n&atilde;o t&ecirc;m endere&ccedil;o, n&atilde;o t&ecirc;m certid&atilde;o de nascimento, n&atilde;o t&ecirc;m qualquer documento, nada, nem sequer conhecem seus direitos. Ent&atilde;o, vamos fazer um verdadeiro mutir&atilde;o para chegar a elas, dar documentos e atend&ecirc;-las em suas necessidades.&rdquo; <\/p>\n<p>Segundo Dilma Rousseff, os catadores de papel e os moradores de rua ser&atilde;o alguns dos grupos sociais consistem atingidos pelo plano. &ldquo;Os catadores n&atilde;o conseguem, muitas vezes, fazer coleta do lixo em condi&ccedil;&otilde;es adequadas e nem tampouco obter uma renda digna&rdquo;, disse. Ent&atilde;o, continuou, a primeira coisa que vamos fazer &eacute; incentivar a organiza&ccedil;&atilde;o produtiva, em cooperativa, dos catadores de materiais recicl&aacute;veis para melhorar suas condi&ccedil;&otilde;es de trabalho, aumentar suas oportunidades de ter uma renda e melhorar de vida. <\/p>\n<p>&ldquo;Vamos tamb&eacute;m apoiar as prefeituras para implantar programas de coleta seletiva, com a participa&ccedil;&atilde;o dos catadores. Com cursos, treinamento, vamos capacitar milhares de catadores e fortalecer a participa&ccedil;&atilde;o, na coleta seletiva, de mais de 200 mil catadores at&eacute; 2014. Eu quero lembrar que dessa maneira, Luciano, n&oacute;s estamos dando oportunidades para o aumento de renda dos catadores e, ao mesmo tempo, incentivando a preserva&ccedil;&atilde;o do meio ambiente.&rdquo;<\/p>\n<p>Uma outra vertente do Brasil sem Mis&eacute;ria, conforme explicou, &eacute; a participa&ccedil;&atilde;o do setor empresarial. Segundo a presidenta, os supermercados &ldquo;se comprometeram a contratar pessoas que recebem o Bolsa Fam&iacute;lia como caixas, empacotadores, auxiliares&rdquo;. Ela disse tamb&eacute;m que vem sendo finalizado acordo com a Associa&ccedil;&atilde;o Brasileira de Supermercados (Abras) para que eles comprem alimentos &ndash; frutas, verduras, gr&atilde;os, leite &ndash; direto da agricultura familiar e vendam nos supermercados. <\/p>\n<p>&ldquo;Todos ganham com esse acordo. Os agricultores v&atilde;o poder escoar a mercadoria, diminuindo o risco de perder sua produ&ccedil;&atilde;o. Os supermercados v&atilde;o ter a certeza de que est&atilde;o colocando em suas prateleiras produtos de &oacute;tima qualidade.&rdquo; <\/p>\n<p>Por sua vez, segundo a presidenta, a medida vai beneficiar o consumidor que ir&aacute; &ldquo;comprar alimento plantado com as melhores sementes, aquelas da Embrapa&rdquo;.<\/p>\n<p>&nbsp;<\/p>\n","protected":false},"excerpt":{"rendered":"<p>Em entrevista ao programa \u201cCaf\u00e9 com a Presidenta\u201d, nesta segunda-feira (13), transmitido pela R\u00e1dio Nacional, a presidenta Dilma Rousseff, destacou as a\u00e7\u00f5es previstas no programa \u201cBrasil Sem Mis\u00e9ria\u201d.  <\/p>\n<p>Segundo a presidenta Dilma, as a\u00e7\u00f5es consistem em empr\u00e9stimos, cursos de capacita\u00e7\u00e3o, forma\u00e7\u00e3o e cooperativas.<\/p>\n","protected":false},"author":1,"featured_media":30358,"comment_status":"open","ping_status":"open","sticky":false,"template":"","format":"standard","meta":{"footnotes":""},"categories":[1],"tags":[7315,601,479],"class_list":["post-30359","post","type-post","status-publish","format-standard","has-post-thumbnail","hentry","category-noticias-zeca-dirceu","tag-cafe-com-presidenta","tag-dilma","tag-programa"],"_links":{"self":[{"href":"https:\/\/teste.bsb.br\/zeca\/wp-json\/wp\/v2\/posts\/30359","targetHints":{"allow":["GET"]}}],"collection":[{"href":"https:\/\/teste.bsb.br\/zeca\/wp-json\/wp\/v2\/posts"}],"about":[{"href":"https:\/\/teste.bsb.br\/zeca\/wp-json\/wp\/v2\/types\/post"}],"author":[{"embeddable":true,"href":"https:\/\/teste.bsb.br\/zeca\/wp-json\/wp\/v2\/users\/1"}],"replies":[{"embeddable":true,"href":"https:\/\/teste.bsb.br\/zeca\/wp-json\/wp\/v2\/comments?post=30359"}],"version-history":[{"count":0,"href":"https:\/\/teste.bsb.br\/zeca\/wp-json\/wp\/v2\/posts\/30359\/revisions"}],"wp:featuredmedia":[{"embeddable":true,"href":"https:\/\/teste.bsb.br\/zeca\/wp-json\/wp\/v2\/media\/30358"}],"wp:attachment":[{"href":"https:\/\/teste.bsb.br\/zeca\/wp-json\/wp\/v2\/media?parent=30359"}],"wp:term":[{"taxonomy":"category","embeddable":true,"href":"https:\/\/teste.bsb.br\/zeca\/wp-json\/wp\/v2\/categories?post=30359"},{"taxonomy":"post_tag","embeddable":true,"href":"https:\/\/teste.bsb.br\/zeca\/wp-json\/wp\/v2\/tags?post=30359"}],"curies":[{"name":"wp","href":"https:\/\/api.w.org\/{rel}","templated":true}]}}