{"id":30355,"date":"2011-06-14T00:00:00","date_gmt":"2011-06-14T03:00:00","guid":{"rendered":"https:\/\/www.zecadirceu.com.br\/minha-casa-minha-vida-2-sera-lancado-na-quinta-feira-16\/"},"modified":"2011-06-14T00:00:00","modified_gmt":"2011-06-14T03:00:00","slug":"minha-casa-minha-vida-2-sera-lancado-na-quinta-feira-16","status":"publish","type":"post","link":"https:\/\/teste.bsb.br\/zeca\/minha-casa-minha-vida-2-sera-lancado-na-quinta-feira-16\/","title":{"rendered":"Minha Casa, Minha Vida 2 ser\u00e1 lan\u00e7ado na quinta-feira, 16"},"content":{"rendered":"<p>A segunda fase do Programa Minha Casa, Minha Vida ser&aacute; lan&ccedil;ada pelo governo na pr&oacute;xima quinta-feira (16), em cerim&ocirc;nia no Pal&aacute;cio do Planalto. <\/p>\n<p>O in&iacute;cio da segunda etapa s&oacute; depende de san&ccedil;&atilde;o presidencial de projeto de lei de convers&atilde;o (oriundo da medida provis&oacute;ria) aprovado pelo Senado em maio deste ano. O prazo para essa san&ccedil;&atilde;o termina no pr&oacute;ximo dia 17.<\/p>\n<p>A segunda etapa do programa prev&ecirc; a constru&ccedil;&atilde;o de cerca de 2 milh&otilde;es de moradias at&eacute; 2014. Opresidente da Caixa Econ&ocirc;mica Federal, Jorge Hereda, informou, no &uacute;ltimo dia 6, que a segunda fase do programa ter&aacute; recursos de R$ 120 milh&otilde;es a R$ 140 milh&otilde;es para financiar a constru&ccedil;&atilde;o de moradias para fam&iacute;lias com renda at&eacute; dez sal&aacute;rios m&iacute;nimos.<\/p>\n<p>Segundo ele, o volume de recursos &eacute; mais do que o dobro do investido no ano passado somente pela Caixa &ndash; R$ 53 milh&otilde;es para os im&oacute;veis destinados a todas as faixas de renda.<\/p>\n","protected":false},"excerpt":{"rendered":"<p>A segunda fase do Programa Minha Casa, Minha Vida ser\u00e1 lan\u00e7ada pelo governo na pr\u00f3xima quinta-feira (16), em cerim\u00f4nia no Pal\u00e1cio do Planalto. <\/p>\n<p>O in\u00edcio da segunda etapa s\u00f3 depende de san\u00e7\u00e3o presidencial de projeto de lei de convers\u00e3o (oriundo da medida provis\u00f3ria) aprovado pelo Senado em maio deste ano. O prazo para essa san\u00e7\u00e3o termina no pr\u00f3ximo dia 17.<\/p>\n","protected":false},"author":1,"featured_media":30354,"comment_status":"open","ping_status":"open","sticky":false,"template":"","format":"standard","meta":{"footnotes":""},"categories":[1],"tags":[74,961,270,2103],"class_list":["post-30355","post","type-post","status-publish","format-standard","has-post-thumbnail","hentry","category-noticias-zeca-dirceu","tag-governo","tag-lancamento","tag-minha-casa","tag-minha-vida"],"_links":{"self":[{"href":"https:\/\/teste.bsb.br\/zeca\/wp-json\/wp\/v2\/posts\/30355","targetHints":{"allow":["GET"]}}],"collection":[{"href":"https:\/\/teste.bsb.br\/zeca\/wp-json\/wp\/v2\/posts"}],"about":[{"href":"https:\/\/teste.bsb.br\/zeca\/wp-json\/wp\/v2\/types\/post"}],"author":[{"embeddable":true,"href":"https:\/\/teste.bsb.br\/zeca\/wp-json\/wp\/v2\/users\/1"}],"replies":[{"embeddable":true,"href":"https:\/\/teste.bsb.br\/zeca\/wp-json\/wp\/v2\/comments?post=30355"}],"version-history":[{"count":0,"href":"https:\/\/teste.bsb.br\/zeca\/wp-json\/wp\/v2\/posts\/30355\/revisions"}],"wp:featuredmedia":[{"embeddable":true,"href":"https:\/\/teste.bsb.br\/zeca\/wp-json\/wp\/v2\/media\/30354"}],"wp:attachment":[{"href":"https:\/\/teste.bsb.br\/zeca\/wp-json\/wp\/v2\/media?parent=30355"}],"wp:term":[{"taxonomy":"category","embeddable":true,"href":"https:\/\/teste.bsb.br\/zeca\/wp-json\/wp\/v2\/categories?post=30355"},{"taxonomy":"post_tag","embeddable":true,"href":"https:\/\/teste.bsb.br\/zeca\/wp-json\/wp\/v2\/tags?post=30355"}],"curies":[{"name":"wp","href":"https:\/\/api.w.org\/{rel}","templated":true}]}}