{"id":30317,"date":"2011-06-16T00:00:00","date_gmt":"2011-06-16T03:00:00","guid":{"rendered":"https:\/\/www.zecadirceu.com.br\/queda-do-risco-brasil-vem-em-meio-a-grandes-pressoes-internas-por-ze-dirceu\/"},"modified":"2011-06-16T00:00:00","modified_gmt":"2011-06-16T03:00:00","slug":"queda-do-risco-brasil-vem-em-meio-a-grandes-pressoes-internas-por-ze-dirceu","status":"publish","type":"post","link":"https:\/\/teste.bsb.br\/zeca\/queda-do-risco-brasil-vem-em-meio-a-grandes-pressoes-internas-por-ze-dirceu\/","title":{"rendered":"Queda do risco Brasil vem em meio a grandes press\u00f5es internas, por Z\u00e9 Dirceu"},"content":{"rendered":"<p>&nbsp;A queda do risco soberano do Brasil vem num momento em que, internamente, os cr&iacute;ticos da pol&iacute;tica econ&ocirc;mica aumentam suas press&otilde;es via m&iacute;dia para mais cortes e juros altos, gritam contra o crescimento, exigem a volta da pol&iacute;tica monet&aacute;ria exclusivamente apoiada nos juros e retomam a cantilena contra os bancos p&uacute;blicos e os cr&eacute;ditos subsidiados. <\/p>\n<p>Como a economia insiste em crescer e o pa&iacute;s sobe no ranking mundial,&nbsp; j&aacute; &eacute; hora de retomarmos nosso caminho e n&atilde;o cedermos mais &agrave; gritaria dos que s&atilde;o oposi&ccedil;&atilde;o e defendem os interesses do capital financeiro e banc&aacute;rio, ou simplesmente pol&iacute;tico-partid&aacute;rios.&nbsp;&nbsp;<\/p>\n<p>A queda do risco soberano do Brasil vem num momento em que, internamente ,os cr&iacute;ticos da pol&iacute;tica econ&ocirc;mica aumentam suas press&otilde;es via m&iacute;dia para mais cortes e juros altos, gritam e pregam contra o crescimento, exigem a volta da pol&iacute;tica monet&aacute;ria exclusivamente apoiada nos juros e retomam a cantilena contra os bancos p&uacute;blicos e os cr&eacute;ditos subsidiados.<\/p>\n<p>Como a economia insiste em crescer e o pa&iacute;s sobe no ranking mundial &#8211; o que faz com que pela primeira o Risco Brasil seja menor que o Risco Estados Unidos &#8211; j&aacute; &eacute; hora de retomarmos nosso caminho e n&atilde;o cedermos mais &agrave; gritaria dos que s&atilde;o oposi&ccedil;&atilde;o e defendem os interesses do capital financeiro e banc&aacute;rio, ou simplesmente pol&iacute;tico-partid&aacute;rios. Ou, ainda, suas convic&ccedil;&otilde;es acad&ecirc;micas e intelectuais.<\/p>\n<p>Conforme a pr&oacute;pria presidenta adiantou, em reuni&atilde;o-almo&ccedil;o com a bancada do PP, j&aacute; &eacute; hora de o pa&iacute;s tomar medidas para incentivar o crescimento, como a reforma tribut&aacute;ria com o fim da guerra fiscal, que estimula importa&ccedil;&otilde;es daninhas &agrave; economia nacional &#8211; um dos itens destacados pela presidenta no encontro com os senadores pepistas &#8211; e a 2&ordf; fase do programa Minha Casa Minha Vida, com seus efeitos imediatos sobre o crescimento econ&ocirc;mico, o emprego e a renda.<\/p>\n<p><strong>2&ordf; fase do &quot;Minha Vida&#8230;&quot; j&aacute; &eacute; lan&ccedil;ada hoje<\/strong><\/p>\n<p>Ali&aacute;s, esta 2&ordf; fase do &quot;Minha Vida&#8230;&quot; a presidenta Dilma lan&ccedil;a j&aacute; hoje com uma inje&ccedil;&atilde;o de nada menos que R$ 140 bi. &Eacute; um bom est&iacute;mulo ao crescimento, dentre outras, das ind&uacute;strias de cimento, constru&ccedil;&atilde;o civil, m&oacute;veis e eletrodom&eacute;sticos.<\/p>\n<p>E, principalmente, a gera&ccedil;&atilde;o de emprego, j&aacute; que a constru&ccedil;&atilde;o civil &eacute; tradicionalmente a maior geradora de postos de trabalho no pa&iacute;s. A 2&ordf; fase do programa, quando conclu&iacute;da, completar&aacute; 2 milh&otilde;es de casas entregues &#8211; 1 milh&atilde;o em cada fase.<\/p>\n<p>Tem raz&otilde;es de sobra, portanto, o ministro da Fazenda, Guido Mantega, para comemorar a queda do risco soberano do Brasil abaixo dos &iacute;ndices dos EUA, e a presidenta Dilma, conforme contou o ministro, de estar &quot;muito satisfeita com a quest&atilde;o&quot;.<\/p>\n<p>Ainda que circunstancial, meus amigos, o &iacute;ndice mostra que, na pr&aacute;tica, no momento os investidores v&ecirc;em mais risco de calote dos EUA que do Brasil. &quot;(Esta situa&ccedil;&atilde;o) mostra que n&oacute;s estamos praticando uma pol&iacute;tica econ&ocirc;mica correta e estamos impondo respeito ao resto do mundo&quot; destacou o titular da Fazenda ao comentar o fato de o &quot;Credit Default Swap&quot; &#8211; ou CDS &#8211; (instrumento de prote&ccedil;&atilde;o contra o risco de um devedor n&atilde;o cumprir suas obriga&ccedil;&otilde;es) do Brasil ter sido negociado abaixo do norte-americano.<\/p>\n<p><strong>(Do Blog do Z&eacute; Dirceu)<br \/>\n<\/strong><\/p>\n","protected":false},"excerpt":{"rendered":"<p>A queda do risco soberano do Brasil vem num momento em que, internamente, os cr\u00edticos da pol\u00edtica econ\u00f4mica aumentam suas press\u00f5es via m\u00eddia para mais cortes e juros altos, gritam contra o crescimento, exigem a volta da pol\u00edtica monet\u00e1ria exclusivamente apoiada nos juros e retomam a cantilena contra os bancos p\u00fablicos e os cr\u00e9ditos subsidiados. <\/p>\n<p>Como a economia insiste em crescer e o pa\u00eds sobe no ranking mundial,  j\u00e1 \u00e9 hora de retomarmos nosso caminho e n\u00e3o cedermos mais \u00e0 gritaria dos que s\u00e3o oposi\u00e7\u00e3o e defendem os interesses do capital financeiro e banc\u00e1rio, ou simplesmente pol\u00edtico-partid\u00e1rios.<\/p>\n","protected":false},"author":1,"featured_media":30316,"comment_status":"open","ping_status":"open","sticky":false,"template":"","format":"standard","meta":{"footnotes":""},"categories":[1],"tags":[7307,7306],"class_list":["post-30317","post","type-post","status-publish","format-standard","has-post-thumbnail","hentry","category-noticias-zeca-dirceu","tag-brasil-queda","tag-risco"],"_links":{"self":[{"href":"https:\/\/teste.bsb.br\/zeca\/wp-json\/wp\/v2\/posts\/30317","targetHints":{"allow":["GET"]}}],"collection":[{"href":"https:\/\/teste.bsb.br\/zeca\/wp-json\/wp\/v2\/posts"}],"about":[{"href":"https:\/\/teste.bsb.br\/zeca\/wp-json\/wp\/v2\/types\/post"}],"author":[{"embeddable":true,"href":"https:\/\/teste.bsb.br\/zeca\/wp-json\/wp\/v2\/users\/1"}],"replies":[{"embeddable":true,"href":"https:\/\/teste.bsb.br\/zeca\/wp-json\/wp\/v2\/comments?post=30317"}],"version-history":[{"count":0,"href":"https:\/\/teste.bsb.br\/zeca\/wp-json\/wp\/v2\/posts\/30317\/revisions"}],"wp:featuredmedia":[{"embeddable":true,"href":"https:\/\/teste.bsb.br\/zeca\/wp-json\/wp\/v2\/media\/30316"}],"wp:attachment":[{"href":"https:\/\/teste.bsb.br\/zeca\/wp-json\/wp\/v2\/media?parent=30317"}],"wp:term":[{"taxonomy":"category","embeddable":true,"href":"https:\/\/teste.bsb.br\/zeca\/wp-json\/wp\/v2\/categories?post=30317"},{"taxonomy":"post_tag","embeddable":true,"href":"https:\/\/teste.bsb.br\/zeca\/wp-json\/wp\/v2\/tags?post=30317"}],"curies":[{"name":"wp","href":"https:\/\/api.w.org\/{rel}","templated":true}]}}