{"id":30299,"date":"2011-06-16T00:00:00","date_gmt":"2011-06-16T03:00:00","guid":{"rendered":"https:\/\/www.zecadirceu.com.br\/no-lancamento-do-minha-casa-minha-vida-2-dilma-destaca-fusao-de-programas-habitacionais\/"},"modified":"2011-06-16T00:00:00","modified_gmt":"2011-06-16T03:00:00","slug":"no-lancamento-do-minha-casa-minha-vida-2-dilma-destaca-fusao-de-programas-habitacionais","status":"publish","type":"post","link":"https:\/\/teste.bsb.br\/zeca\/no-lancamento-do-minha-casa-minha-vida-2-dilma-destaca-fusao-de-programas-habitacionais\/","title":{"rendered":"No lan\u00e7amento do Minha Casa, Minha Vida 2,  Dilma destaca fus\u00e3o de programas habitacionais"},"content":{"rendered":"<p>Confiram o v&iacute;deo do discurso da presidenta Dilma Rousseffe, durante o lan&ccedil;amento da fase 2 do programa &quot;Minha Casa, Minha Vida&quot;. Na solenidade, realizada nesta quinta-feira (16), Dilma destaca o trabalho do governo para priorizar as fam&iacute;lias de baixa renda, a classe m&eacute;dia e a nova classe m&eacute;dia. <\/p>\n<p>A presidenta tamb&eacute;m ressaltou a import&acirc;ncia do programa para a contru&ccedil;&atilde;o civil e conquequente, gera&ccedil;&atilde;o de emprego e renda no pa&iacute;s, por meio da interven&ccedil;&atilde;o estatal. <\/p>\n<p>&quot;A Pol&iacute;tica do programa Minha Casa, Minha Vida, &eacute; uma pol&iacute;tica parceria de v&aacute;rios programas. &Eacute; parceira do PAC, por exemplo, no aspecto de que o governo federal unificou os programas de habita&ccedil;&atilde;o (&#8230;)&quot;, discurso Dilma. Confira.<\/p>\n","protected":false},"excerpt":{"rendered":"<p>Confiram o v\u00eddeo do discurso da presidenta Dilma Rousseffe, durante o lan\u00e7amento da fase 2 do programa &#8220;Minha Casa, Minha Vida&#8221;. Na solenidade, realizada nesta quinta-feira (16), Dilma destaca o trabalho do governo para priorizar as fam\u00edlias de baixa renda, a classe m\u00e9dia e a nova classe m\u00e9dia. <\/p>\n<p>A presidenta tamb\u00e9m ressaltou a import\u00e2ncia do programa para a contru\u00e7\u00e3o civil e conquequente, gera\u00e7\u00e3o de emprego e renda no pa\u00eds, por meio da interven\u00e7\u00e3o estatal. &#8220;A Pol\u00edtica do programa Minha Casa, Minha Vida, \u00e9 uma pol\u00edtica parceria de v\u00e1rios programas. \u00c9 parceira do PAC, por exemplo, no aspecto de que o governo federal unificou os programas de habita\u00e7\u00e3o (&#8230;)&#8221;, discurso Dilma. Confira.<\/p>\n","protected":false},"author":1,"featured_media":30298,"comment_status":"open","ping_status":"open","sticky":false,"template":"","format":"standard","meta":{"footnotes":""},"categories":[1],"tags":[7303,270],"class_list":["post-30299","post","type-post","status-publish","format-standard","has-post-thumbnail","hentry","category-noticias-zeca-dirceu","tag-dilma-programas","tag-minha-casa"],"_links":{"self":[{"href":"https:\/\/teste.bsb.br\/zeca\/wp-json\/wp\/v2\/posts\/30299","targetHints":{"allow":["GET"]}}],"collection":[{"href":"https:\/\/teste.bsb.br\/zeca\/wp-json\/wp\/v2\/posts"}],"about":[{"href":"https:\/\/teste.bsb.br\/zeca\/wp-json\/wp\/v2\/types\/post"}],"author":[{"embeddable":true,"href":"https:\/\/teste.bsb.br\/zeca\/wp-json\/wp\/v2\/users\/1"}],"replies":[{"embeddable":true,"href":"https:\/\/teste.bsb.br\/zeca\/wp-json\/wp\/v2\/comments?post=30299"}],"version-history":[{"count":0,"href":"https:\/\/teste.bsb.br\/zeca\/wp-json\/wp\/v2\/posts\/30299\/revisions"}],"wp:featuredmedia":[{"embeddable":true,"href":"https:\/\/teste.bsb.br\/zeca\/wp-json\/wp\/v2\/media\/30298"}],"wp:attachment":[{"href":"https:\/\/teste.bsb.br\/zeca\/wp-json\/wp\/v2\/media?parent=30299"}],"wp:term":[{"taxonomy":"category","embeddable":true,"href":"https:\/\/teste.bsb.br\/zeca\/wp-json\/wp\/v2\/categories?post=30299"},{"taxonomy":"post_tag","embeddable":true,"href":"https:\/\/teste.bsb.br\/zeca\/wp-json\/wp\/v2\/tags?post=30299"}],"curies":[{"name":"wp","href":"https:\/\/api.w.org\/{rel}","templated":true}]}}