{"id":30273,"date":"2011-06-17T00:00:00","date_gmt":"2011-06-17T03:00:00","guid":{"rendered":"https:\/\/www.zecadirceu.com.br\/mp-quer-acessibilidade-em-todas-as-escolas-do-parana\/"},"modified":"2011-06-17T00:00:00","modified_gmt":"2011-06-17T03:00:00","slug":"mp-quer-acessibilidade-em-todas-as-escolas-do-parana","status":"publish","type":"post","link":"https:\/\/teste.bsb.br\/zeca\/mp-quer-acessibilidade-em-todas-as-escolas-do-parana\/","title":{"rendered":"MP quer acessibilidade em todas as escolas do Paran\u00e1"},"content":{"rendered":"<p>&nbsp;O promotor da Vara de Prote&ccedil;&atilde;o &agrave; Inf&acirc;ncia e Juventude, Fuad Faraj, determinou que todas as escolas das redes municipal e estadual passem por inspe&ccedil;&atilde;o. Objetivo ser&aacute; verificar a acessibilidade a portadores de defici&ecirc;ncia. Ainda no in&iacute;cio dessa semana, o juiz da 3&ordf; Vara C&iacute;vel Guilherme Frederico Hernandes Denz, determinou que, em 60 dias, o governo do Estado apresente projeto de obra para garantir a acessibilidade na Escola Estadual Eug&ecirc;nio Malanski, <st1:personname productid=\"em Ponta Grossa\" w:st=\"on\">em Ponta Grossa<\/st1:personname>, e que &ndash; dentro de um ano &ndash; execute as obras, sob pena de multa di&aacute;ria de R$ 1 mil.<\/p>\n<p class=\"MsoNormal\"><o:p>&nbsp;<\/o:p><\/p>\n<p class=\"MsoNormal\">A decis&atilde;o &eacute; fruto de a&ccedil;&atilde;o civil p&uacute;blica, tamb&eacute;m movida pelo promotor. &ldquo;Ingressei com a&ccedil;&atilde;o civil p&uacute;blica h&aacute; cerca de 15 dias. A decis&atilde;o, ainda em car&aacute;ter liminar, saiu no &uacute;ltimo dia <st1:metricconverter productid=\"13. A\" w:st=\"on\">13. A<\/st1:metricconverter> motiva&ccedil;&atilde;o para o ingresso da a&ccedil;&atilde;o partiu da situa&ccedil;&atilde;o sofrida por uma adolescente que, ao procurar o MP, relatou que estava sendo prejudicada pela falta de acesso na escola a pessoas com defici&ecirc;ncia f&iacute;sica. &Eacute; o que chamo de bullying oficial&rdquo;, lembra Faraj, em entrevista ao <b>Di&aacute;rio dos Campos<\/b>.<\/p>\n<p class=\"MsoNormal\"><o:p>&nbsp;<\/o:p><\/p>\n<p class=\"MsoNormal\">De acordo com o despacho do juiz, &ldquo;&eacute; dever do Estado, n&atilde;o acobertado pelo manto da discricionariedade administrativa, elaborar pr&eacute;dios p&uacute;blicos, notadamente escolas p&uacute;blicas, dotados de infraestrutura necess&aacute;ria para atender &agrave;s pessoas portadoras de necessidades especiais&rdquo;.<\/p>\n<p class=\"MsoNormal\"><o:p>&nbsp;<\/o:p><\/p>\n<p class=\"MsoNormal\">Com base na decis&atilde;o liminar, o promotor adianta que dever&aacute; &ndash; ap&oacute;s a inspe&ccedil;&atilde;o &ndash; mover outras a&ccedil;&otilde;es civis p&uacute;blicas, para as institui&ccedil;&otilde;es em que n&atilde;o forem verificadas condi&ccedil;&otilde;es de acessibilidade, ap&oacute;s a inspe&ccedil;&atilde;o. Paralelamente a isso, o promotor promete encaminhar of&iacute;cio ao secret&aacute;rio de Estado da Educa&ccedil;&atilde;o (Fl&aacute;vio Arns) propondo a elabora&ccedil;&atilde;o de Termos de Ajustamento de Conduta (TAC), em que haja o comprometimento do Estado em realizar as obras necess&aacute;rias para regularizar todos os problemas referentes &agrave; acessibilidade.<\/p>\n<p class=\"MsoNormal\"><o:p>&nbsp;<\/o:p><\/p>\n<p class=\"MsoNormal\">&ldquo;O TAC dever&aacute; conter os prazos em que as obras dever&atilde;o ser executadas e, ainda, prever&aacute; multa, em caso de descumprimento. Queremos tudo documentado e contamos com a sensibilidade do secret&aacute;rio. Quero crer que os novos gestores mostrar&atilde;o a que vieram, pois n&atilde;o podemos mais nos contentar com discurso bonito e propaganda vistosa. Isso n&atilde;o resolve os problemas de milhares de crian&ccedil;as que, hoje, est&atilde;o afastadas do acolhimento do ambiente escolar pelo chamado &lsquo;bullying oficial&rsquo;, que foi o que aconteceu com essa adolescente que procurou o MP&rdquo;, ressalta.<\/p>\n","protected":false},"excerpt":{"rendered":"<p>O promotor da Vara de Prote\u00e7\u00e3o \u00e0 Inf\u00e2ncia e Juventude, Fuad Faraj, determinou que todas as escolas das redes municipal e estadual passem por inspe\u00e7\u00e3o. Objetivo ser\u00e1 verificar a acessibilidade a portadores de defici\u00eancia. Ainda no in\u00edcio dessa semana, o juiz da 3\u00aa Vara C\u00edvel Guilherme Frederico Hernandes Denz, determinou que, em 60 dias, o governo do Estado apresente projeto de obra para garantir a acessibilidade na Escola Estadual Eug\u00eanio Malanski, em Ponta Grossa, e que \u2013 dentro de um ano \u2013 execute as obras, sob pena de multa di\u00e1ria de R$ 1 mil.<\/p>\n","protected":false},"author":1,"featured_media":30272,"comment_status":"open","ping_status":"open","sticky":false,"template":"","format":"standard","meta":{"footnotes":""},"categories":[1],"tags":[7290],"class_list":["post-30273","post","type-post","status-publish","format-standard","has-post-thumbnail","hentry","category-noticias-zeca-dirceu","tag-mp-quer-acessibilidade-em-todas-as-escolas-do-parana"],"_links":{"self":[{"href":"https:\/\/teste.bsb.br\/zeca\/wp-json\/wp\/v2\/posts\/30273","targetHints":{"allow":["GET"]}}],"collection":[{"href":"https:\/\/teste.bsb.br\/zeca\/wp-json\/wp\/v2\/posts"}],"about":[{"href":"https:\/\/teste.bsb.br\/zeca\/wp-json\/wp\/v2\/types\/post"}],"author":[{"embeddable":true,"href":"https:\/\/teste.bsb.br\/zeca\/wp-json\/wp\/v2\/users\/1"}],"replies":[{"embeddable":true,"href":"https:\/\/teste.bsb.br\/zeca\/wp-json\/wp\/v2\/comments?post=30273"}],"version-history":[{"count":0,"href":"https:\/\/teste.bsb.br\/zeca\/wp-json\/wp\/v2\/posts\/30273\/revisions"}],"wp:featuredmedia":[{"embeddable":true,"href":"https:\/\/teste.bsb.br\/zeca\/wp-json\/wp\/v2\/media\/30272"}],"wp:attachment":[{"href":"https:\/\/teste.bsb.br\/zeca\/wp-json\/wp\/v2\/media?parent=30273"}],"wp:term":[{"taxonomy":"category","embeddable":true,"href":"https:\/\/teste.bsb.br\/zeca\/wp-json\/wp\/v2\/categories?post=30273"},{"taxonomy":"post_tag","embeddable":true,"href":"https:\/\/teste.bsb.br\/zeca\/wp-json\/wp\/v2\/tags?post=30273"}],"curies":[{"name":"wp","href":"https:\/\/api.w.org\/{rel}","templated":true}]}}