{"id":30271,"date":"2011-06-17T00:00:00","date_gmt":"2011-06-17T03:00:00","guid":{"rendered":"https:\/\/www.zecadirceu.com.br\/paulo-bernardo-participa-do-2o-encontro-nacional-dos-blogueiros\/"},"modified":"2011-06-17T00:00:00","modified_gmt":"2011-06-17T03:00:00","slug":"paulo-bernardo-participa-do-2o-encontro-nacional-dos-blogueiros","status":"publish","type":"post","link":"https:\/\/teste.bsb.br\/zeca\/paulo-bernardo-participa-do-2o-encontro-nacional-dos-blogueiros\/","title":{"rendered":"Paulo Bernardo participa do 2\u00ba encontro nacional dos blogueiros"},"content":{"rendered":"<p>&nbsp;O ministro Paulo Bernardo, das Comunica&ccedil;&otilde;es, vai participar nesta sexta-feira, 17 de junho, da abertura da segunda edi&ccedil;&atilde;o do Encontro Nacional dos Blogueiros Progressistas.<\/p>\n<p class=\"MsoNormal\"><o:p>&nbsp;<\/o:p><\/p>\n<p class=\"MsoNormal\">Bernardo vai falar, a partir das 19h, sobre os &ldquo;Desafios da Comunica&ccedil;&atilde;o na Atualidade&rdquo;. H&aacute; grande expectativa de que o ex-presidente Lula tamb&eacute;m participe do evento.<\/p>\n<p class=\"MsoNormal\"><o:p>&nbsp;<\/o:p><\/p>\n<p class=\"MsoNormal\">O encontro vai ocorrer em Bras&iacute;lia, no pr&eacute;dio da Confedera&ccedil;&atilde;o Nacional dos Trabalhadores do Com&eacute;rcio (CNTC).<\/p>\n","protected":false},"excerpt":{"rendered":"<p>O ministro Paulo Bernardo, das Comunica\u00e7\u00f5es, vai participar nesta sexta-feira, 17 de junho, da abertura da segunda edi\u00e7\u00e3o do Encontro Nacional dos Blogueiros Progressistas.<\/p>\n<p>Bernardo vai falar, a partir das 19h, sobre os \u201cDesafios da Comunica\u00e7\u00e3o na Atualidade\u201d. H\u00e1 grande expectativa de que o ex-presidente Lula tamb\u00e9m participe do evento.O encontro vai ocorrer em Bras\u00edlia, no pr\u00e9dio da Confedera\u00e7\u00e3o Nacional dos Trabalhadores do Com\u00e9rcio (CNTC).<\/p>\n","protected":false},"author":1,"featured_media":30270,"comment_status":"open","ping_status":"open","sticky":false,"template":"","format":"standard","meta":{"footnotes":""},"categories":[1],"tags":[7289],"class_list":["post-30271","post","type-post","status-publish","format-standard","has-post-thumbnail","hentry","category-noticias-zeca-dirceu","tag-paulo-bernardo-participa-do-2o-encontro-nacional-dos-blogueiros"],"_links":{"self":[{"href":"https:\/\/teste.bsb.br\/zeca\/wp-json\/wp\/v2\/posts\/30271","targetHints":{"allow":["GET"]}}],"collection":[{"href":"https:\/\/teste.bsb.br\/zeca\/wp-json\/wp\/v2\/posts"}],"about":[{"href":"https:\/\/teste.bsb.br\/zeca\/wp-json\/wp\/v2\/types\/post"}],"author":[{"embeddable":true,"href":"https:\/\/teste.bsb.br\/zeca\/wp-json\/wp\/v2\/users\/1"}],"replies":[{"embeddable":true,"href":"https:\/\/teste.bsb.br\/zeca\/wp-json\/wp\/v2\/comments?post=30271"}],"version-history":[{"count":0,"href":"https:\/\/teste.bsb.br\/zeca\/wp-json\/wp\/v2\/posts\/30271\/revisions"}],"wp:featuredmedia":[{"embeddable":true,"href":"https:\/\/teste.bsb.br\/zeca\/wp-json\/wp\/v2\/media\/30270"}],"wp:attachment":[{"href":"https:\/\/teste.bsb.br\/zeca\/wp-json\/wp\/v2\/media?parent=30271"}],"wp:term":[{"taxonomy":"category","embeddable":true,"href":"https:\/\/teste.bsb.br\/zeca\/wp-json\/wp\/v2\/categories?post=30271"},{"taxonomy":"post_tag","embeddable":true,"href":"https:\/\/teste.bsb.br\/zeca\/wp-json\/wp\/v2\/tags?post=30271"}],"curies":[{"name":"wp","href":"https:\/\/api.w.org\/{rel}","templated":true}]}}