{"id":30259,"date":"2011-06-18T00:00:00","date_gmt":"2011-06-18T03:00:00","guid":{"rendered":"https:\/\/www.zecadirceu.com.br\/gastos-da-copa-e-olimpiadas-serao-divulgados-pelo-governo-federal\/"},"modified":"2011-06-18T00:00:00","modified_gmt":"2011-06-18T03:00:00","slug":"gastos-da-copa-e-olimpiadas-serao-divulgados-pelo-governo-federal","status":"publish","type":"post","link":"https:\/\/teste.bsb.br\/zeca\/gastos-da-copa-e-olimpiadas-serao-divulgados-pelo-governo-federal\/","title":{"rendered":"Gastos da Copa e Olimp\u00edadas ser\u00e3o divulgados pelo Governo Federal"},"content":{"rendered":"<p>&nbsp;<span class=\"Apple-style-span\" style=\"font-family: 'Times New Roman'; \">O ministro do Esporte Orlando Silva rebateu as cr&iacute;ticas da oposi&ccedil;&atilde;o sobre as medidas aprovadas pela C&acirc;mara, para agilizar as obras da Copa 2014 e Olimp&iacute;adas de 2016, informando que os valores ser&atilde;o amplamente divulgados.<\/span><\/p>\n<p class=\"MsoNormal\" style=\"margin-bottom:0in;margin-bottom:.0001pt\"><span lang=\"PT-BR\" style=\"font-family:&quot;Times New Roman&quot;\"><o:p>&nbsp;<\/o:p><\/span><\/p>\n<p class=\"MsoNormal\" style=\"margin-bottom:0in;margin-bottom:.0001pt\"><span lang=\"PT-BR\" style=\"font-family:&quot;Times New Roman&quot;\">A iniciativa, segundo ele, vale tanto para os projetos associados aos dois eventos esportivos, inclusive os que ainda n&atilde;o foram contratados.<o:p><\/o:p><\/span><\/p>\n<p class=\"MsoNormal\" style=\"margin-bottom:0in;margin-bottom:.0001pt\"><span lang=\"PT-BR\" style=\"font-family:&quot;Times New Roman&quot;\"><o:p>&nbsp;<\/o:p><\/span><\/p>\n<p class=\"MsoNormal\" style=\"margin-bottom:0in;margin-bottom:.0001pt\"><span lang=\"PT-BR\" style=\"font-family:&quot;Times New Roman&quot;\">Em of&iacute;cio enviado em fevereiro ao TCU (Tribunal de Contas da Uni&atilde;o), o minist&eacute;rio avisara que a divulga&ccedil;&atilde;o de novas despesas com as &aacute;reas de seguran&ccedil;a, telecomunica&ccedil;&otilde;es e sa&uacute;de seriam divulgadas.<o:p><\/o:p><\/span><\/p>\n<p class=\"MsoNormal\" style=\"margin-bottom:0in;margin-bottom:.0001pt\"><span lang=\"PT-BR\" style=\"font-family:&quot;Times New Roman&quot;\"><o:p>&nbsp;<\/o:p><\/span><\/p>\n<p class=\"MsoNormal\" style=\"margin-bottom:0in;margin-bottom:.0001pt\"><span lang=\"PT-BR\" style=\"font-family:&quot;Times New Roman&quot;\">Orlando Silva disse que as informa&ccedil;&otilde;es divulgadas pela imprensa foram mal interpretadas e que o Minist&eacute;rio nunca se negou a prestar informa&ccedil;&otilde;es ao TCU.<o:p><\/o:p><\/span><\/p>\n<p class=\"MsoNormal\" style=\"margin-bottom:0in;margin-bottom:.0001pt\"><span lang=\"PT-BR\" style=\"font-family:&quot;Times New Roman&quot;\"><o:p>&nbsp;<\/o:p><\/span><\/p>\n<p class=\"MsoNormal\" style=\"margin-bottom:0in;margin-bottom:.0001pt\"><span lang=\"PT-BR\" style=\"font-family:&quot;Times New Roman&quot;\">Os gastos do governo ser&atilde;o divulgados no Portal da Transpar&ecirc;ncia na internet depois que os projetos forem contratados e &agrave; medida que pagamentos &agrave;s empresas forem feitos, disse o ministro.<o:p><\/o:p><\/span><\/p>\n","protected":false},"excerpt":{"rendered":"<p>O ministro do Esporte Orlando Silva rebateu as cr\u00edticas da oposi\u00e7\u00e3o sobre as medidas aprovadas pela C\u00e2mara, para agilizar as obras da Copa 2014 e Olimp\u00edadas de 2016, informando que os valores ser\u00e3o amplamente divulgados.<\/p>\n<p>A iniciativa, segundo ele, vale tanto para os projetos associados aos dois eventos esportivos, inclusive os que ainda n\u00e3o foram contratados.<\/p>\n","protected":false},"author":1,"featured_media":30258,"comment_status":"open","ping_status":"open","sticky":false,"template":"","format":"standard","meta":{"footnotes":""},"categories":[1],"tags":[7284],"class_list":["post-30259","post","type-post","status-publish","format-standard","has-post-thumbnail","hentry","category-noticias-zeca-dirceu","tag-gastos-da-copa-e-olimpiadas-serao-divulgados-pelo-governo-federal"],"_links":{"self":[{"href":"https:\/\/teste.bsb.br\/zeca\/wp-json\/wp\/v2\/posts\/30259","targetHints":{"allow":["GET"]}}],"collection":[{"href":"https:\/\/teste.bsb.br\/zeca\/wp-json\/wp\/v2\/posts"}],"about":[{"href":"https:\/\/teste.bsb.br\/zeca\/wp-json\/wp\/v2\/types\/post"}],"author":[{"embeddable":true,"href":"https:\/\/teste.bsb.br\/zeca\/wp-json\/wp\/v2\/users\/1"}],"replies":[{"embeddable":true,"href":"https:\/\/teste.bsb.br\/zeca\/wp-json\/wp\/v2\/comments?post=30259"}],"version-history":[{"count":0,"href":"https:\/\/teste.bsb.br\/zeca\/wp-json\/wp\/v2\/posts\/30259\/revisions"}],"wp:featuredmedia":[{"embeddable":true,"href":"https:\/\/teste.bsb.br\/zeca\/wp-json\/wp\/v2\/media\/30258"}],"wp:attachment":[{"href":"https:\/\/teste.bsb.br\/zeca\/wp-json\/wp\/v2\/media?parent=30259"}],"wp:term":[{"taxonomy":"category","embeddable":true,"href":"https:\/\/teste.bsb.br\/zeca\/wp-json\/wp\/v2\/categories?post=30259"},{"taxonomy":"post_tag","embeddable":true,"href":"https:\/\/teste.bsb.br\/zeca\/wp-json\/wp\/v2\/tags?post=30259"}],"curies":[{"name":"wp","href":"https:\/\/api.w.org\/{rel}","templated":true}]}}