{"id":30257,"date":"2011-06-18T00:00:00","date_gmt":"2011-06-18T03:00:00","guid":{"rendered":"https:\/\/www.zecadirceu.com.br\/pt-se-articula-para-eleger-gleisi-no-pr-e-segundo-mandato-de-dilma\/"},"modified":"2011-06-18T00:00:00","modified_gmt":"2011-06-18T03:00:00","slug":"pt-se-articula-para-eleger-gleisi-no-pr-e-segundo-mandato-de-dilma","status":"publish","type":"post","link":"https:\/\/teste.bsb.br\/zeca\/pt-se-articula-para-eleger-gleisi-no-pr-e-segundo-mandato-de-dilma\/","title":{"rendered":"PT se articula para eleger Gleisi no PR e segundo mandato de Dilma"},"content":{"rendered":"<p>&nbsp;<span class=\"Apple-style-span\" style=\"font-family: 'Times New Roman'; \">Reproduzo a seguir a &iacute;ntegra de reportagem do Jornal da Manh&atilde; desta sexta-feira (17), sobre minha agenda <st1:personname productid=\"em Ponta Grossa\" w:st=\"on\">em Ponta Grossa<\/st1:personname>, na regi&atilde;o Central do Paran&aacute;. A foto &eacute; de Clebert Gustavo:<\/span><\/p>\n<p class=\"MsoNormal\" style=\"margin-bottom:0in;margin-bottom:.0001pt\"><span lang=\"PT-BR\" style=\"font-family:&quot;Times New Roman&quot;\"><o:p>&nbsp;<\/o:p><\/span><\/p>\n<p class=\"MsoNormal\" style=\"margin-bottom:0in;margin-bottom:.0001pt\"><span lang=\"PT-BR\" style=\"font-family:&quot;Times New Roman&quot;\">&ldquo;Metas para 2014<o:p><\/o:p><\/span><\/p>\n<p class=\"MsoNormal\" style=\"margin-bottom:0in;margin-bottom:.0001pt\"><span lang=\"PT-BR\" style=\"font-family:&quot;Times New Roman&quot;\"><o:p>&nbsp;<\/o:p><\/span><\/p>\n<p class=\"MsoNormal\" style=\"margin-bottom:0in;margin-bottom:.0001pt\"><span lang=\"PT-BR\" style=\"font-family:&quot;Times New Roman&quot;\">PT se articula para eleger Gleisi no PR e segundo mandato de Dilma<o:p><\/o:p><\/span><\/p>\n<p class=\"MsoNormal\" style=\"margin-bottom:0in;margin-bottom:.0001pt\"><span lang=\"PT-BR\" style=\"font-family:&quot;Times New Roman&quot;\"><o:p>&nbsp;<\/o:p><\/span><\/p>\n<p class=\"MsoNormal\" style=\"margin-bottom:0in;margin-bottom:.0001pt\"><span lang=\"PT-BR\" style=\"font-family:&quot;Times New Roman&quot;\">O deputado federal Zeca Dirceu esteve ontem <st1:personname productid=\"em Ponta Grossa\" w:st=\"on\">em Ponta  Grossa<\/st1:personname> definindo as estrat&eacute;gias do partido <o:p><\/o:p><\/span><\/p>\n<p class=\"MsoNormal\" style=\"margin-bottom:0in;margin-bottom:.0001pt\"><span lang=\"PT-BR\" style=\"font-family:&quot;Times New Roman&quot;\"><o:p>&nbsp;<\/o:p><\/span><\/p>\n<p class=\"MsoNormal\" style=\"margin-bottom:0in;margin-bottom:.0001pt\"><st1:personname productid=\"em Ponta Grossa\" w:st=\"on\"><span lang=\"PT-BR\" style=\"font-family:&quot;Times New Roman&quot;\">Em  Ponta Grossa<\/span><\/st1:personname><span lang=\"PT-BR\" style=\"font-family:&quot;Times New Roman&quot;\">, ontem de manh&atilde;, o deputado federal Zeca Dirceu (PT) pediu o apoio e o esfor&ccedil;o de todos os correligion&aacute;rios para o cumprimento de duas importantes metas estabelecidas pelo partido: eleger a ministra-chefe da Casa Civil, Gleisi Hoffman, no Paran&aacute;, para governadora, e de garantir o segundo mandato da presidente Dilma Rousseff. &ldquo;&Eacute; l&oacute;gico que teremos elei&ccedil;&otilde;es municipais no pr&oacute;ximo ano, mas todos n&oacute;s devemos nos articular para 2014. S&atilde;o objetivos tra&ccedil;ados que ter&atilde;o que ser cumpridos&rdquo;, observa.<o:p><\/o:p><\/span><\/p>\n<p class=\"MsoNormal\" style=\"margin-bottom:0in;margin-bottom:.0001pt\"><span lang=\"PT-BR\" style=\"font-family:&quot;Times New Roman&quot;\"><o:p>&nbsp;<\/o:p><\/span><\/p>\n<p class=\"MsoNormal\" style=\"margin-bottom:0in;margin-bottom:.0001pt\"><span lang=\"PT-BR\" style=\"font-family:&quot;Times New Roman&quot;\">O parlamentar cumpriu agenda pol&iacute;tica em v&aacute;rias cidades do Paran&aacute;, nessa sexta-feira. <st1:personname productid=\"em Ponta Grossa\" w:st=\"on\">Em Ponta Grossa<\/st1:personname>, o encontro com representantes do Partido dos Trabalhadores aconteceu na Rua Doutor Collares. No discurso, ele exaltou os feitos da presidente Dilma nesses primeiros meses de governo, destacou os oito anos de Lula na presid&ecirc;ncia e criticou a oposi&ccedil;&atilde;o pelos ataques gratuitos ao governo federal e pela falta de comprometimento em propor a&ccedil;&otilde;es para melhorar a vida das pessoas. &ldquo;N&atilde;o existe proposta de pol&iacute;ticas p&uacute;blicas. A estrat&eacute;gia deles &eacute; criar confus&atilde;o&rdquo;, diz.<o:p><\/o:p><\/span><\/p>\n<p class=\"MsoNormal\" style=\"margin-bottom:0in;margin-bottom:.0001pt\"><span lang=\"PT-BR\" style=\"font-family:&quot;Times New Roman&quot;\"><o:p>&nbsp;<\/o:p><\/span><\/p>\n<p class=\"MsoNormal\" style=\"margin-bottom:0in;margin-bottom:.0001pt\"><span lang=\"PT-BR\" style=\"font-family:&quot;Times New Roman&quot;\">Em entrevista ao Jornal da Manh&atilde;, Zeca Dirceu garantiu ser uma refer&ecirc;ncia para Ponta Grossa e a regi&atilde;o dos Campos Gerais na C&acirc;mara dos Deputados, bem como falou dos investimentos que est&atilde;o sendo realizados pelo governo nas &aacute;reas de sa&uacute;de, educa&ccedil;&atilde;o e seguran&ccedil;a. &ldquo;Ontem (quinta-feira) a presidenta Dilma lan&ccedil;ou a segunda fase do programa Minha Casa, Minha Vida, que vai construir dois milh&otilde;es de moradias em todo o Brasil para fam&iacute;lias de baixa renda. S&atilde;o mais de R$ 125 bi. J&aacute; implantamos tamb&eacute;m outros importantes programas sociais como o Brasil Sem Mis&eacute;ria e a Rede Cegonha&rdquo;, comenta. Disse tamb&eacute;m j&aacute; estarem dispon&iacute;veis cerca de R$ 50 milh&otilde;es para obras de infraestrutura no Porto de Paranagu&aacute;, devendo, agora, o governo estadual se articular para a libera&ccedil;&atilde;o dessa verba.<o:p><\/o:p><\/span><\/p>\n<p class=\"MsoNormal\" style=\"margin-bottom:0in;margin-bottom:.0001pt\"><span lang=\"PT-BR\" style=\"font-family:&quot;Times New Roman&quot;\"><o:p>&nbsp;<\/o:p><\/span><\/p>\n<p class=\"MsoNormal\" style=\"margin-bottom:0in;margin-bottom:.0001pt\"><span lang=\"PT-BR\" style=\"font-family:&quot;Times New Roman&quot;\">Ao citar a participa&ccedil;&atilde;o de mulheres em fun&ccedil;&otilde;es importantes do governo de Dilma Rousseff (dentre elas Gleisi Hoffmann, na Casa Civil; Ideli Salvatti, Rela&ccedil;&otilde;es Institucionais; e Helena Chagas, Comunica&ccedil;&atilde;o Social), Zeca Dirceu refor&ccedil;ou o apelo para que mais mulheres de Ponta Grossa concorram a cargos eletivos. &ldquo;Hoje n&oacute;s temos apenas a Ana Maria na C&acirc;mara Municipal, que desempenha um excelente trabalho, contudo precisamos de mais mulheres no Legislativo representando o nosso partido&rdquo;, assinala.<o:p><\/o:p><\/span><\/p>\n<p class=\"MsoNormal\" style=\"margin-bottom:0in;margin-bottom:.0001pt\"><span lang=\"PT-BR\" style=\"font-family:&quot;Times New Roman&quot;\"><o:p>&nbsp;<\/o:p><\/span><\/p>\n<p class=\"MsoNormal\" style=\"margin-bottom:0in;margin-bottom:.0001pt\"><span lang=\"PT-BR\" style=\"font-family:&quot;Times New Roman&quot;\">O deputado destacou a libera&ccedil;&atilde;o de recursos do Governo Federal, atrav&eacute;s do PAC 2, para constru&ccedil;&atilde;o de 18 creches e tr&ecirc;s quadras poliesportivas em 20 cidades do Paran&aacute;. Segundo ele, essas conquistas s&atilde;o resultado da articula&ccedil;&atilde;o e de reuni&otilde;es constantes, em conjunto com a ent&atilde;o senadora Gleisi Hoffmann, com o ministro Fernando Haddad e com o presidente do FNDE, Daniel Balaban. Em todo o pa&iacute;s, o Minist&eacute;rio da Educa&ccedil;&atilde;o autorizou a constru&ccedil;&atilde;o de 360 creches em 358 cidades e 220 quadras de esporte em 180 cidades.<o:p><\/o:p><\/span><\/p>\n<p class=\"MsoNormal\" style=\"margin-bottom:0in;margin-bottom:.0001pt\"><span lang=\"PT-BR\" style=\"font-family:&quot;Times New Roman&quot;\"><o:p><\/o:p><\/span><\/p>\n<p class=\"MsoNormal\" style=\"margin-bottom:0in;margin-bottom:.0001pt\"><span lang=\"PT-BR\" style=\"font-family:&quot;Times New Roman&quot;\">Zeca Dirceu confirmou que a presidenta Dilma estar&aacute; no Paran&aacute; para fazer o lan&ccedil;amento do Plano Safra 2011\/2012, que vai disponibilizar R$ 16 bilh&otilde;es para as opera&ccedil;&otilde;es de custeio e investimento do Programa Nacional de Fortalecimento da Agricultura Familiar (Pronaf). Marcada inicialmente para o dia 30 de junho, Dilma estar&aacute; <st1:personname productid=\"em Francisco Beltr&atilde;o\" w:st=\"on\">em Francisco Beltr&atilde;o<\/st1:personname> no dia 1&ordm; de julho. A nova data foi confirmada na manh&atilde; de ontem pelo delegado federal do Desenvolvimento Agr&aacute;rio, Reni Denardi. O Sudoeste &eacute; considerado ber&ccedil;o da pequena propriedade no estado.<o:p><\/o:p><\/span><\/p>\n","protected":false},"excerpt":{"rendered":"<p>Reproduzo a seguir a \u00edntegra de reportagem do Jornal da Manh\u00e3 desta sexta-feira (17), sobre minha agenda em Ponta Grossa, na regi\u00e3o Central do Paran\u00e1. A foto \u00e9 de Clebert Gustavo:<\/p>\n<p>\u201cMetas para 2014&#8243;<\/p>\n<p>PT se articula para eleger Gleisi no PR e segundo mandato de Dilma<\/p>\n","protected":false},"author":1,"featured_media":30256,"comment_status":"open","ping_status":"open","sticky":false,"template":"","format":"standard","meta":{"footnotes":""},"categories":[1],"tags":[7283],"class_list":["post-30257","post","type-post","status-publish","format-standard","has-post-thumbnail","hentry","category-noticias-zeca-dirceu","tag-pt-se-articula-para-eleger-gleisi-no-pr-e-segundo-mandato-de-dilma"],"_links":{"self":[{"href":"https:\/\/teste.bsb.br\/zeca\/wp-json\/wp\/v2\/posts\/30257","targetHints":{"allow":["GET"]}}],"collection":[{"href":"https:\/\/teste.bsb.br\/zeca\/wp-json\/wp\/v2\/posts"}],"about":[{"href":"https:\/\/teste.bsb.br\/zeca\/wp-json\/wp\/v2\/types\/post"}],"author":[{"embeddable":true,"href":"https:\/\/teste.bsb.br\/zeca\/wp-json\/wp\/v2\/users\/1"}],"replies":[{"embeddable":true,"href":"https:\/\/teste.bsb.br\/zeca\/wp-json\/wp\/v2\/comments?post=30257"}],"version-history":[{"count":0,"href":"https:\/\/teste.bsb.br\/zeca\/wp-json\/wp\/v2\/posts\/30257\/revisions"}],"wp:featuredmedia":[{"embeddable":true,"href":"https:\/\/teste.bsb.br\/zeca\/wp-json\/wp\/v2\/media\/30256"}],"wp:attachment":[{"href":"https:\/\/teste.bsb.br\/zeca\/wp-json\/wp\/v2\/media?parent=30257"}],"wp:term":[{"taxonomy":"category","embeddable":true,"href":"https:\/\/teste.bsb.br\/zeca\/wp-json\/wp\/v2\/categories?post=30257"},{"taxonomy":"post_tag","embeddable":true,"href":"https:\/\/teste.bsb.br\/zeca\/wp-json\/wp\/v2\/tags?post=30257"}],"curies":[{"name":"wp","href":"https:\/\/api.w.org\/{rel}","templated":true}]}}