{"id":30255,"date":"2011-06-18T00:00:00","date_gmt":"2011-06-18T03:00:00","guid":{"rendered":"https:\/\/www.zecadirceu.com.br\/em-campo-mourao-o-sonho-da-casa-propria-e-realizado\/"},"modified":"2011-06-18T00:00:00","modified_gmt":"2011-06-18T03:00:00","slug":"em-campo-mourao-o-sonho-da-casa-propria-e-realizado","status":"publish","type":"post","link":"https:\/\/teste.bsb.br\/zeca\/em-campo-mourao-o-sonho-da-casa-propria-e-realizado\/","title":{"rendered":"Em Campo Mour\u00e3o, o sonho da casa pr\u00f3pria \u00e9 realizado"},"content":{"rendered":"<p>&nbsp;<span class=\"Apple-style-span\" style=\"font-family: 'Times New Roman'; \">Reproduzo a seguir a &iacute;ntegra de uma bela reportagem do jornalista Antonio Marcio, sobre a realiza&ccedil;&atilde;o do sonho da casa pr&oacute;pria que ajudei a realizar, gra&ccedil;as ao programa Minha Casa, Minha Vida do Governo Federal, veiculada neste s&aacute;bado (18) nas p&aacute;ginas do jornal Tribuna do Interior:<\/span><\/p>\n<p class=\"MsoNormal\" style=\"margin-bottom:0in;margin-bottom:.0001pt\"><span lang=\"PT-BR\" style=\"font-family:&quot;Times New Roman&quot;\"><o:p>&nbsp;<\/o:p><\/span><\/p>\n<p class=\"MsoNormal\" style=\"margin-bottom:0in;margin-bottom:.0001pt\"><span lang=\"PT-BR\" style=\"font-family:&quot;Times New Roman&quot;\">&ldquo;Para 436 fam&iacute;lias de Campo Mour&atilde;o, o sonho da casa pr&oacute;pria est&aacute; sendo realizado. Elas ir&atilde;o morar no mais novo conjunto habitacional da cidade: o Moradias Piacentini, inaugurado ontem. As mudan&ccedil;as das fam&iacute;lias ocorrer&atilde;o a partir desta semana.<o:p><\/o:p><\/span><\/p>\n<p class=\"MsoNormal\" style=\"margin-bottom:0in;margin-bottom:.0001pt\"><span lang=\"PT-BR\" style=\"font-family:&quot;Times New Roman&quot;\"><o:p>&nbsp;<\/o:p><\/span><\/p>\n<p class=\"MsoNormal\" style=\"margin-bottom:0in;margin-bottom:.0001pt\"><span lang=\"PT-BR\" style=\"font-family:&quot;Times New Roman&quot;\">A professora aposentada Vera Lucia Jo&atilde;o, 56 anos, est&aacute; ansiosa para mudar de vez para a nova resid&ecirc;ncia. Atualmente ela reside em uma pequena casa de madeira, de apenas dois c&ocirc;modos, onde paga por m&ecirc;s R$ 100 aluguel. &ldquo;Vai melhorar e muito a qualidade de vida&rdquo;, diz a aposentada. Ela ressalta que est&aacute; feliz de aos 56 anos de idade poder realizar o sonho de ter a pr&oacute;pria casa.<o:p><\/o:p><\/span><\/p>\n<p class=\"MsoNormal\" style=\"margin-bottom:0in;margin-bottom:.0001pt\"><span lang=\"PT-BR\" style=\"font-family:&quot;Times New Roman&quot;\"><o:p>&nbsp;<\/o:p><\/span><\/p>\n<p class=\"MsoNormal\" style=\"margin-bottom:0in;margin-bottom:.0001pt\"><span lang=\"PT-BR\" style=\"font-family:&quot;Times New Roman&quot;\">O casal Edson Calado, 33 anos, e Angelita Alves Menezes, 36 anos, tamb&eacute;m far&aacute; parte do grupo de moradores que habitar&aacute; o novo conjunto. Edson, que trabalha como ajudante de servi&ccedil;os gerais em uma multinacional da cidade, diz que ainda n&atilde;o est&aacute; acreditando que ter&aacute; uma casa. Eles est&atilde;o morando de favor no Jardim Modelo, e agora pagaram R$ 50 de parcela. &ldquo;Compensa e muito pagar a presta&ccedil;&atilde;o. &Eacute; uma casa para chamar de nossa&rdquo;, diz.<o:p><\/o:p><\/span><\/p>\n<p class=\"MsoNormal\" style=\"margin-bottom:0in;margin-bottom:.0001pt\"><span lang=\"PT-BR\" style=\"font-family:&quot;Times New Roman&quot;\"><o:p>&nbsp;<\/o:p><\/span><\/p>\n<p class=\"MsoNormal\" style=\"margin-bottom:0in;margin-bottom:.0001pt\"><span lang=\"PT-BR\" style=\"font-family:&quot;Times New Roman&quot;\">A cerim&ocirc;nia de inaugura&ccedil;&atilde;o teve a presen&ccedil;a do prefeito Nelson Tureck (PMDB), da senadora Gleisi Hoffmann (PT), deputados estaduais e federais, prefeitos da regi&atilde;o, vereadores, futuros moradores do conjunto, representantes da Caixa Econ&ocirc;mica Federal e familiares de Avelino Piacentini, que deu o nome ao residencial, al&eacute;m de diversas outras lideran&ccedil;as pol&iacute;ticas e comunidade em geral. <o:p><\/o:p><\/span><\/p>\n<p class=\"MsoNormal\" style=\"margin-bottom:0in;margin-bottom:.0001pt\"><span lang=\"PT-BR\" style=\"font-family:&quot;Times New Roman&quot;\"><o:p>&nbsp;<\/o:p><\/span><\/p>\n<p class=\"MsoNormal\" style=\"margin-bottom:0in;margin-bottom:.0001pt\"><span lang=\"PT-BR\" style=\"font-family:&quot;Times New Roman&quot;\">A senadora Gleisi Hoffmann revela que o programa Minha Casa, Minha Vida est&aacute; entregando um milh&atilde;o de resid&ecirc;ncias, e que o projeto da presidente Dilma Rousseff (PT) &eacute; chegar a dois milh&otilde;es de moradias constru&iacute;das at&eacute; 2014. &ldquo;Estou feliz de estar <st1:personname productid=\"Em Campo Mour&atilde;o\" w:st=\"on\">em Campo Mour&atilde;o<\/st1:personname> inaugurando este conjunto. O prefeito Nelson Tureck tem sido um grande parceiro do governo federal e tem ajudado muito a viabilizar os programas. Fico feliz em participar desse momento&rdquo;, observa.<o:p><\/o:p><\/span><\/p>\n<p class=\"MsoNormal\" style=\"margin-bottom:0in;margin-bottom:.0001pt\"><span lang=\"PT-BR\" style=\"font-family:&quot;Times New Roman&quot;\"><o:p>&nbsp;<\/o:p><\/span><\/p>\n<p class=\"MsoNormal\" style=\"margin-bottom:0in;margin-bottom:.0001pt\"><span lang=\"PT-BR\" style=\"font-family:&quot;Times New Roman&quot;\">O prefeito Nelson Tureck lembra que Campo Mour&atilde;o foi um dos primeiros munic&iacute;pios que conseguiu a libera&ccedil;&atilde;o do programa Minha Casa, Minha Vida. Ele recorda que inicialmente o programa era para atender apenas cidades com mais de 100 mil habitantes, mas que junto com o ent&atilde;o prefeito de Cruzeiro do Oeste, o agora deputado federal Zeca Dirceu (PT), foi a Bras&iacute;lia reivindicar que cidades menores tamb&eacute;m fossem atendidas. &ldquo;Conseguimos isso, e Campo Mour&atilde;o acabou sendo enquadrado no programa. Estamos agora vivendo um momento hist&oacute;rico para a cidade, que &eacute; a entrega dessas casas&rdquo;, pondera.<o:p><\/o:p><\/span><\/p>\n<p class=\"MsoNormal\" style=\"margin-bottom:0in;margin-bottom:.0001pt\"><span lang=\"PT-BR\" style=\"font-family:&quot;Times New Roman&quot;\"><o:p>&nbsp;<\/o:p><\/span><\/p>\n<p class=\"MsoNormal\" style=\"margin-bottom:0in;margin-bottom:.0001pt\"><span lang=\"PT-BR\" style=\"font-family:&quot;Times New Roman&quot;\">Entre as lideran&ccedil;as pol&iacute;ticas presentes estavam a deputada estadual Marla Tureck (PSC) e os deputados Enio Verri (PT) e Kleiton Kielse (PMDB), e os federais Zeca Dirceu (PT) e Nelson Padovani (PSC). Tamb&eacute;m acompanharam o presidente do Instituto das &Aacute;guas, Marcio Nunes, e da Codapar, Tino Staniszewski, que representaram o governador Beto Richa (PSDB).<o:p><\/o:p><\/span><\/p>\n<p class=\"MsoNormal\" style=\"margin-bottom:0in;margin-bottom:.0001pt\"><span lang=\"PT-BR\" style=\"font-family:&quot;Times New Roman&quot;\"><o:p>&nbsp;<\/o:p><\/span><\/p>\n<p class=\"MsoNormal\" style=\"margin-bottom:0in;margin-bottom:.0001pt\"><b style=\"mso-bidi-font-weight:normal\"><span lang=\"PT-BR\" style=\"font-family:&quot;Times New Roman&quot;\">Conjunto moderno<span style=\"mso-spacerun:yes\">&nbsp; <\/span><o:p><\/o:p><\/span><\/b><\/p>\n<p class=\"MsoNormal\" style=\"margin-bottom:0in;margin-bottom:.0001pt\"><span lang=\"PT-BR\" style=\"font-family:&quot;Times New Roman&quot;\">Localizado na Asa Leste da cidade, o conjunto &eacute; destinado para fam&iacute;lias de baixa renda. S&atilde;o casas com aquecedor solar de &aacute;gua para economizar energia el&eacute;trica, cal&ccedil;adas com faixa de piso podot&aacute;til para beneficiar aos deficientes visuais (al&eacute;m de rampas de acesso nas esquinas) e completa infraestrutura: ruas asfaltadas e com rede de esgoto e de abastecimento de &aacute;gua, galerias pluviais, arboriza&ccedil;&atilde;o, ilumina&ccedil;&atilde;o, entre outros.<o:p><\/o:p><\/span><\/p>\n<p class=\"MsoNormal\" style=\"margin-bottom:0in;margin-bottom:.0001pt\"><span lang=\"PT-BR\" style=\"font-family:&quot;Times New Roman&quot;\"><o:p>&nbsp;<\/o:p><\/span><\/p>\n<p class=\"MsoNormal\" style=\"margin-bottom:0in;margin-bottom:.0001pt\"><span lang=\"PT-BR\" style=\"font-family:&quot;Times New Roman&quot;\">O Moradias Avelino Piacentini foi executado pela Construtora Piacentini, por meio de parceria do munic&iacute;pio com a Caixa Econ&ocirc;mica Federal, por interm&eacute;dio do programa Minha Casa Minha Vida. Cerca de R$ 20 milh&otilde;es foram investidos no empreendimento e as fam&iacute;lias contempladas assumir&atilde;o parcelas mensais correspondente a 10% da renda familiar (de R$ <st1:metricconverter productid=\"50,00 a\" w:st=\"on\">50,00 a<\/st1:metricconverter> R$ 139,50) durante dez anos.<o:p><\/o:p><\/span><\/p>\n<p class=\"MsoNormal\" style=\"margin-bottom:0in;margin-bottom:.0001pt\"><span lang=\"PT-BR\" style=\"font-family:&quot;Times New Roman&quot;\"><o:p>&nbsp;<\/o:p><\/span><\/p>\n<p class=\"MsoNormal\" style=\"margin-bottom:0in;margin-bottom:.0001pt\"><span lang=\"PT-BR\" style=\"font-family:&quot;Times New Roman&quot;\">As casas s&atilde;o ainda cobertas com telhas de concreto (que asseguram mais conforto t&eacute;rmico e ainda s&atilde;o mais resistentes) e t&ecirc;m forro de PVC internamente e beiral em madeira nobre, al&eacute;m de piso cer&acirc;mico em todas as depend&ecirc;ncias. O banheiro e a cozinha s&atilde;o azulejados. Outro cuidado adotado &eacute; na &aacute;rea ambiental: toda a madeira em pinheiro utilizada na execu&ccedil;&atilde;o dos telhados veio de reflorestamento, possuindo certifica&ccedil;&atilde;o de origem, o que contribuiu com a prote&ccedil;&atilde;o da natureza.<o:p><\/o:p><\/span><\/p>\n<p class=\"MsoNormal\" style=\"margin-bottom:0in;margin-bottom:.0001pt\"><span lang=\"PT-BR\" style=\"font-family:&quot;Times New Roman&quot;\"><o:p>&nbsp;<\/o:p><\/span><\/p>\n<p class=\"MsoNormal\" style=\"margin-bottom:0in;margin-bottom:.0001pt\"><span lang=\"PT-BR\" style=\"font-family:&quot;Times New Roman&quot;\">No quintal de cada casa foi plantada uma muda de &aacute;rvore frut&iacute;fera e as cal&ccedil;adas p&uacute;blicas ganharam uma faixa de grama para garantir a permeabilidade de parte da &aacute;gua das chuvas. Uma &aacute;rea de aproximadamente <st1:metricconverter productid=\"8.700 metros quadrados\" w:st=\"on\">8.700 metros quadrados<\/st1:metricconverter> foi reservada para uso institucional pelo governo municipal para proceder a constru&ccedil;&atilde;o de escola, creche, unidade de sa&uacute;de, &aacute;rea de lazer.<o:p><\/o:p><\/span><\/p>\n<p class=\"MsoNormal\" style=\"margin-bottom:0in;margin-bottom:.0001pt\"><span lang=\"PT-BR\" style=\"font-family:&quot;Times New Roman&quot;\"><o:p>&nbsp;<\/o:p><\/span><\/p>\n<p class=\"MsoNormal\" style=\"margin-bottom:0in;margin-bottom:.0001pt\"><span lang=\"PT-BR\" style=\"font-family:&quot;Times New Roman&quot;\">A constru&ccedil;&atilde;o do Moradias Avelino Piacentini, iniciada no final de 2009 e conclu&iacute;da no in&iacute;cio deste ano, foi ainda marcada pelo desenvolvimento de in&uacute;meros projetos de responsabilidade social no canteiro da obra. Foram a&ccedil;&otilde;es voltadas &agrave; preserva&ccedil;&atilde;o dos recursos naturais, acessibilidade, inser&ccedil;&atilde;o de portadores de necessidades especiais no mercado de trabalho, reinser&ccedil;&atilde;o de incapacitados tempor&aacute;rios, incentivo a leitura e a capacita&ccedil;&atilde;o de cidad&atilde;os para o mercado de trabalho, valoriza&ccedil;&atilde;o da m&atilde;o-de-obra feminina, entre outras.&rdquo;<o:p><\/o:p><\/span><\/p>\n","protected":false},"excerpt":{"rendered":"<p>Reproduzo a seguir a \u00edntegra de uma bela reportagem do jornalista Antonio Marcio, sobre a realiza\u00e7\u00e3o do sonho da casa pr\u00f3pria que ajudei a realizar, gra\u00e7as ao programa Minha Casa, Minha Vida do Governo Federal, veiculada neste s\u00e1bado (18) nas p\u00e1ginas do jornal Tribuna do Interior:<\/p>\n<p>\u201cPara 436 fam\u00edlias de Campo Mour\u00e3o, o sonho da casa pr\u00f3pria est\u00e1 sendo realizado. Elas ir\u00e3o morar no mais novo conjunto habitacional da cidade: o Moradias Piacentini, inaugurado ontem. As mudan\u00e7as das fam\u00edlias ocorrer\u00e3o a partir desta semana.<\/p>\n","protected":false},"author":1,"featured_media":30254,"comment_status":"open","ping_status":"open","sticky":false,"template":"","format":"standard","meta":{"footnotes":""},"categories":[1],"tags":[6594,7282],"class_list":["post-30255","post","type-post","status-publish","format-standard","has-post-thumbnail","hentry","category-noticias-zeca-dirceu","tag-em-campo-mourao","tag-o-sonho-da-casa-propria-e-realizado"],"_links":{"self":[{"href":"https:\/\/teste.bsb.br\/zeca\/wp-json\/wp\/v2\/posts\/30255","targetHints":{"allow":["GET"]}}],"collection":[{"href":"https:\/\/teste.bsb.br\/zeca\/wp-json\/wp\/v2\/posts"}],"about":[{"href":"https:\/\/teste.bsb.br\/zeca\/wp-json\/wp\/v2\/types\/post"}],"author":[{"embeddable":true,"href":"https:\/\/teste.bsb.br\/zeca\/wp-json\/wp\/v2\/users\/1"}],"replies":[{"embeddable":true,"href":"https:\/\/teste.bsb.br\/zeca\/wp-json\/wp\/v2\/comments?post=30255"}],"version-history":[{"count":0,"href":"https:\/\/teste.bsb.br\/zeca\/wp-json\/wp\/v2\/posts\/30255\/revisions"}],"wp:featuredmedia":[{"embeddable":true,"href":"https:\/\/teste.bsb.br\/zeca\/wp-json\/wp\/v2\/media\/30254"}],"wp:attachment":[{"href":"https:\/\/teste.bsb.br\/zeca\/wp-json\/wp\/v2\/media?parent=30255"}],"wp:term":[{"taxonomy":"category","embeddable":true,"href":"https:\/\/teste.bsb.br\/zeca\/wp-json\/wp\/v2\/categories?post=30255"},{"taxonomy":"post_tag","embeddable":true,"href":"https:\/\/teste.bsb.br\/zeca\/wp-json\/wp\/v2\/tags?post=30255"}],"curies":[{"name":"wp","href":"https:\/\/api.w.org\/{rel}","templated":true}]}}