{"id":30253,"date":"2011-06-18T00:00:00","date_gmt":"2011-06-18T03:00:00","guid":{"rendered":"https:\/\/www.zecadirceu.com.br\/magalzinho-atracao-mirim-do-velocross\/"},"modified":"2011-06-18T00:00:00","modified_gmt":"2011-06-18T03:00:00","slug":"magalzinho-atracao-mirim-do-velocross","status":"publish","type":"post","link":"https:\/\/teste.bsb.br\/zeca\/magalzinho-atracao-mirim-do-velocross\/","title":{"rendered":"Magalzinho, atra\u00e7\u00e3o mirim do Velocross"},"content":{"rendered":"<p>&nbsp;<span class=\"Apple-style-span\" style=\"font-family: 'Times New Roman'; \">No pr&oacute;ximo dia 26 de junho o piloto Igor Garrido Ferreira, o Magalzinho, de 13 anos, vai fazer a sua estreia no Campeonato Paranaense de Velocross, na etapa que ser&aacute; realizada na pista da sa&iacute;da para Serra dos Dourados, em Umuarama, como parte da programa&ccedil;&atilde;o de anivers&aacute;rio do Munic&iacute;pio.<\/span><\/p>\n<p class=\"MsoNormal\" style=\"margin-bottom:0in;margin-bottom:.0001pt\"><span lang=\"PT-BR\" style=\"font-family:&quot;Times New Roman&quot;\"><o:p>&nbsp;<\/o:p><\/span><\/p>\n<p class=\"MsoNormal\" style=\"margin-bottom:0in;margin-bottom:.0001pt\"><span lang=\"PT-BR\" style=\"font-family:&quot;Times New Roman&quot;\">Correndo em casa, o garoto, que j&aacute; &eacute; destaque nas competi&ccedil;&otilde;es regionais desde 2009, acredita que pode fazer bonito e seguir abrindo caminho rumo ao sonho de ser piloto profissional.<o:p><\/o:p><\/span><\/p>\n<p class=\"MsoNormal\" style=\"margin-bottom:0in;margin-bottom:.0001pt\"><span lang=\"PT-BR\" style=\"font-family:&quot;Times New Roman&quot;\"><o:p>&nbsp;<\/o:p><\/span><\/p>\n<p class=\"MsoNormal\" style=\"margin-bottom:0in;margin-bottom:.0001pt\"><span lang=\"PT-BR\" style=\"font-family:&quot;Times New Roman&quot;\">O jeito t&iacute;mido, com as primeiras espinhas marcando o rosto pr&eacute;-adolescente, esconde um piloto talentoso e agressivo, que hoje briga na ponta com competidores uma categoria acima da sua, com at&eacute; quatro anos a mais.<o:p><\/o:p><\/span><\/p>\n<p class=\"MsoNormal\" style=\"margin-bottom:0in;margin-bottom:.0001pt\"><span lang=\"PT-BR\" style=\"font-family:&quot;Times New Roman&quot;\"><o:p>&nbsp;<\/o:p><\/span><\/p>\n<p><span lang=\"PT-BR\" style=\"font-size:11.0pt;line-height:115%;font-family:&quot;Times New Roman&quot;;\nmso-fareast-font-family:Calibri;mso-ansi-language:PT-BR;mso-fareast-language:\nEN-US;mso-bidi-language:AR-SA\">O jornal Umuarama Ilustrado deste s&aacute;bado (18) traz um apanhado bem legal sobre a trajet&oacute;ria do piloto prod&iacute;gio. Leia clicando <a href=\"http:\/\/www.ilustrado.com.br\/2011\/ExibeNoticia.aspx?Not=Magalzinho,%20atra%C3%A7%C3%A3o%20mirim%20do%20Velocross&amp;NotID=5288\">AQUI<\/a>&nbsp;<\/span><\/p>\n","protected":false},"excerpt":{"rendered":"<p>No pr\u00f3ximo dia 26 de junho o piloto Igor Garrido Ferreira, o Magalzinho, de 13 anos, vai fazer a sua estreia no Campeonato Paranaense de Velocross, na etapa que ser\u00e1 realizada na pista da sa\u00edda para Serra dos Dourados, em Umuarama, como parte da programa\u00e7\u00e3o de anivers\u00e1rio do Munic\u00edpio.<\/p>\n<p>Correndo em casa, o garoto, que j\u00e1 \u00e9 destaque nas competi\u00e7\u00f5es regionais desde 2009, acredita que pode fazer bonito e seguir abrindo caminho rumo ao sonho de ser piloto profissional.<\/p>\n","protected":false},"author":1,"featured_media":30252,"comment_status":"open","ping_status":"open","sticky":false,"template":"","format":"standard","meta":{"footnotes":""},"categories":[1],"tags":[7281,7280],"class_list":["post-30253","post","type-post","status-publish","format-standard","has-post-thumbnail","hentry","category-noticias-zeca-dirceu","tag-atracao-mirim-do-velocross","tag-magalzinho"],"_links":{"self":[{"href":"https:\/\/teste.bsb.br\/zeca\/wp-json\/wp\/v2\/posts\/30253","targetHints":{"allow":["GET"]}}],"collection":[{"href":"https:\/\/teste.bsb.br\/zeca\/wp-json\/wp\/v2\/posts"}],"about":[{"href":"https:\/\/teste.bsb.br\/zeca\/wp-json\/wp\/v2\/types\/post"}],"author":[{"embeddable":true,"href":"https:\/\/teste.bsb.br\/zeca\/wp-json\/wp\/v2\/users\/1"}],"replies":[{"embeddable":true,"href":"https:\/\/teste.bsb.br\/zeca\/wp-json\/wp\/v2\/comments?post=30253"}],"version-history":[{"count":0,"href":"https:\/\/teste.bsb.br\/zeca\/wp-json\/wp\/v2\/posts\/30253\/revisions"}],"wp:featuredmedia":[{"embeddable":true,"href":"https:\/\/teste.bsb.br\/zeca\/wp-json\/wp\/v2\/media\/30252"}],"wp:attachment":[{"href":"https:\/\/teste.bsb.br\/zeca\/wp-json\/wp\/v2\/media?parent=30253"}],"wp:term":[{"taxonomy":"category","embeddable":true,"href":"https:\/\/teste.bsb.br\/zeca\/wp-json\/wp\/v2\/categories?post=30253"},{"taxonomy":"post_tag","embeddable":true,"href":"https:\/\/teste.bsb.br\/zeca\/wp-json\/wp\/v2\/tags?post=30253"}],"curies":[{"name":"wp","href":"https:\/\/api.w.org\/{rel}","templated":true}]}}