{"id":30249,"date":"2011-06-18T00:00:00","date_gmt":"2011-06-18T03:00:00","guid":{"rendered":"https:\/\/www.zecadirceu.com.br\/em-debate-o-plano-brasil-sem-miseria\/"},"modified":"2011-06-18T00:00:00","modified_gmt":"2011-06-18T03:00:00","slug":"em-debate-o-plano-brasil-sem-miseria","status":"publish","type":"post","link":"https:\/\/teste.bsb.br\/zeca\/em-debate-o-plano-brasil-sem-miseria\/","title":{"rendered":"Em debate, o Plano Brasil Sem Mis\u00e9ria"},"content":{"rendered":"<p>&nbsp;<span class=\"Apple-style-span\" style=\"font-family: 'Times New Roman'; \">O Plano Brasil Sem Mis&eacute;ria ser&aacute; um dos temas que ser&atilde;o discutidos, de <st1:metricconverter productid=\"20 a\" w:st=\"on\">20 a<\/st1:metricconverter> 23 de junho, no Semin&aacute;rio Nacional de Desenvolvimento Rural Sustent&aacute;vel que acontece em Fortaleza (CE). A abertura se dar&aacute; no dia 20, &agrave;s 19h30, com a presen&ccedil;a da secret&aacute;ria nacional de Seguran&ccedil;a Alimentar e Nutricional do Minist&eacute;rio do Desenvolvimento Social e Combate &agrave; Fome, Maya Takagi.<\/span><\/p>\n<p class=\"MsoNormal\" style=\"margin-bottom:0in;margin-bottom:.0001pt\"><span lang=\"PT-BR\" style=\"font-family:&quot;Times New Roman&quot;\"><o:p>&nbsp;<\/o:p><\/span><\/p>\n<p class=\"MsoNormal\" style=\"margin-bottom:0in;margin-bottom:.0001pt\"><span lang=\"PT-BR\" style=\"font-family:&quot;Times New Roman&quot;\">O evento tamb&eacute;m ter&aacute; representantes do governo do Cear&aacute;, do Banco Mundial e do Instituto Interamericano de Coopera&ccedil;&atilde;o para Agricultura (IICA). A inten&ccedil;&atilde;o &eacute; promover o interc&acirc;mbio de experi&ecirc;ncias entre representantes dos estados que t&ecirc;m projetos de desenvolvimento rural sustent&aacute;vel, financiados pelo Banco Internacional para Reconstru&ccedil;&atilde;o e Desenvolvimento (Bird).<o:p><\/o:p><\/span><\/p>\n<p class=\"MsoNormal\" style=\"margin-bottom:0in;margin-bottom:.0001pt\"><span lang=\"PT-BR\" style=\"font-family:&quot;Times New Roman&quot;\"><o:p>&nbsp;<\/o:p><\/span><\/p>\n<p class=\"MsoNormal\" style=\"margin-bottom:0in;margin-bottom:.0001pt\"><span lang=\"PT-BR\" style=\"font-family:&quot;Times New Roman&quot;\">O foco dos debates ser&aacute; o processo de inclus&atilde;o produtiva. Ser&atilde;o abordados aspectos socioculturais e ambientais, enfatizando os processos de integra&ccedil;&atilde;o entre pol&iacute;ticas afins, em n&iacute;vel federal, estadual e municipal.<o:p><\/o:p><\/span><\/p>\n<p class=\"MsoNormal\" style=\"margin-bottom:0in;margin-bottom:.0001pt\"><span lang=\"PT-BR\" style=\"font-family:&quot;Times New Roman&quot;\"><o:p>&nbsp;<\/o:p><\/span><\/p>\n<p class=\"MsoNormal\" style=\"margin-bottom:0in;margin-bottom:.0001pt\"><span lang=\"PT-BR\" style=\"font-family:&quot;Times New Roman&quot;\">Marcos Dal Fabbro, diretor do MDS, participar&aacute; de dois pain&eacute;is no semin&aacute;rio. Um, no dia 21, &agrave;s 14h30, sobre o Programa Cisternas. O outro, no dia 22, &agrave;s 14h, sobre o tema &ldquo;Enfrentamento da Pobreza pelo Governo Federal&rdquo;. <o:p><\/o:p><\/span><\/p>\n<p class=\"MsoNormal\" style=\"margin-bottom:0in;margin-bottom:.0001pt\"><span lang=\"PT-BR\" style=\"font-family:&quot;Times New Roman&quot;\"><o:p>&nbsp;<\/o:p><\/span><\/p>\n<p class=\"MsoNormal\" style=\"margin-bottom:0in;margin-bottom:.0001pt\"><b style=\"mso-bidi-font-weight:normal\"><span lang=\"PT-BR\" style=\"font-family:&quot;Times New Roman&quot;\">SERVI&Ccedil;O <o:p><\/o:p><\/span><\/b><\/p>\n<p class=\"MsoNormal\" style=\"margin-bottom:0in;margin-bottom:.0001pt\"><span lang=\"PT-BR\" style=\"font-family:&quot;Times New Roman&quot;\">Semin&aacute;rio Nacional de Desenvolvimento Rural Sustent&aacute;vel<o:p><\/o:p><\/span><\/p>\n<p class=\"MsoNormal\" style=\"margin-bottom:0in;margin-bottom:.0001pt\"><span lang=\"PT-BR\" style=\"font-family:&quot;Times New Roman&quot;\">Data: <st1:metricconverter productid=\"21 a\" w:st=\"on\">21 a<\/st1:metricconverter> 22 de junho de 2011<o:p><\/o:p><\/span><\/p>\n<p class=\"MsoNormal\" style=\"margin-bottom:0in;margin-bottom:.0001pt\"><span lang=\"PT-BR\" style=\"font-family:&quot;Times New Roman&quot;\">Hor&aacute;rio: 19h30 (abertura dia 20)<o:p><\/o:p><\/span><\/p>\n<p class=\"MsoNormal\" style=\"margin-bottom:0in;margin-bottom:.0001pt\"><span lang=\"PT-BR\" style=\"font-family:&quot;Times New Roman&quot;\">Local: Hotel O&aacute;sis Atl&acirc;ntico, Av. Beira-Mar, 2.500, Fortaleza<o:p><\/o:p><\/span><\/p>\n","protected":false},"excerpt":{"rendered":"<p>O Plano Brasil Sem Mis\u00e9ria ser\u00e1 um dos temas que ser\u00e3o discutidos, de 20 a 23 de junho, no Semin\u00e1rio Nacional de Desenvolvimento Rural Sustent\u00e1vel que acontece em Fortaleza (CE). A abertura se dar\u00e1 no dia 20, \u00e0s 19h30, com a presen\u00e7a da secret\u00e1ria nacional de Seguran\u00e7a Alimentar e Nutricional do Minist\u00e9rio do Desenvolvimento Social e Combate \u00e0 Fome, Maya Takagi.<\/p>\n<p>O evento tamb\u00e9m ter\u00e1 representantes do governo do Cear\u00e1, do Banco Mundial e do Instituto Interamericano de Coopera\u00e7\u00e3o para Agricultura (IICA). A inten\u00e7\u00e3o \u00e9 promover o interc\u00e2mbio de experi\u00eancias entre representantes dos estados que t\u00eam projetos de desenvolvimento rural sustent\u00e1vel, financiados pelo Banco Internacional para Reconstru\u00e7\u00e3o e Desenvolvimento (Bird).<\/p>\n","protected":false},"author":1,"featured_media":30248,"comment_status":"open","ping_status":"open","sticky":false,"template":"","format":"standard","meta":{"footnotes":""},"categories":[1],"tags":[7276,7277],"class_list":["post-30249","post","type-post","status-publish","format-standard","has-post-thumbnail","hentry","category-noticias-zeca-dirceu","tag-em-debate","tag-o-plano-brasil-sem-miseria"],"_links":{"self":[{"href":"https:\/\/teste.bsb.br\/zeca\/wp-json\/wp\/v2\/posts\/30249","targetHints":{"allow":["GET"]}}],"collection":[{"href":"https:\/\/teste.bsb.br\/zeca\/wp-json\/wp\/v2\/posts"}],"about":[{"href":"https:\/\/teste.bsb.br\/zeca\/wp-json\/wp\/v2\/types\/post"}],"author":[{"embeddable":true,"href":"https:\/\/teste.bsb.br\/zeca\/wp-json\/wp\/v2\/users\/1"}],"replies":[{"embeddable":true,"href":"https:\/\/teste.bsb.br\/zeca\/wp-json\/wp\/v2\/comments?post=30249"}],"version-history":[{"count":0,"href":"https:\/\/teste.bsb.br\/zeca\/wp-json\/wp\/v2\/posts\/30249\/revisions"}],"wp:featuredmedia":[{"embeddable":true,"href":"https:\/\/teste.bsb.br\/zeca\/wp-json\/wp\/v2\/media\/30248"}],"wp:attachment":[{"href":"https:\/\/teste.bsb.br\/zeca\/wp-json\/wp\/v2\/media?parent=30249"}],"wp:term":[{"taxonomy":"category","embeddable":true,"href":"https:\/\/teste.bsb.br\/zeca\/wp-json\/wp\/v2\/categories?post=30249"},{"taxonomy":"post_tag","embeddable":true,"href":"https:\/\/teste.bsb.br\/zeca\/wp-json\/wp\/v2\/tags?post=30249"}],"curies":[{"name":"wp","href":"https:\/\/api.w.org\/{rel}","templated":true}]}}