{"id":30223,"date":"2011-06-20T00:00:00","date_gmt":"2011-06-20T03:00:00","guid":{"rendered":"https:\/\/www.zecadirceu.com.br\/mais-de-15-mil-no-lancamento-da-festa-nacional-do-carneiro-no-buraco\/"},"modified":"2011-06-20T00:00:00","modified_gmt":"2011-06-20T03:00:00","slug":"mais-de-15-mil-no-lancamento-da-festa-nacional-do-carneiro-no-buraco","status":"publish","type":"post","link":"https:\/\/teste.bsb.br\/zeca\/mais-de-15-mil-no-lancamento-da-festa-nacional-do-carneiro-no-buraco\/","title":{"rendered":"Mais de 1,5 mil no lan\u00e7amento da Festa Nacional do Carneiro no Buraco"},"content":{"rendered":"<p>&nbsp;Aproximadamente 1,5 mil pessoas prestigiaram na &uacute;ltima quarta-feira (15) o lan&ccedil;amento da 21&ordf; Festa Nacional do Carneiro no Buraco e Exposi&ccedil;&atilde;o Feira, Agropecu&aacute;ria Comercial e Industrial de Campo Mour&atilde;o. A promo&ccedil;&atilde;o, no Centro de Conven&ccedil;&otilde;es Celebra, foi marcada pela emo&ccedil;&atilde;o e consolidou os preparativos para a realiza&ccedil;&atilde;o do evento, de 0 a 10 de julho no Parque de Exposi&ccedil;&otilde;es Get&uacute;lio Ferrari.<\/p>\n<p class=\"MsoNormal\"><o:p>&nbsp;<\/o:p><\/p>\n<p class=\"MsoNormal\">Participaram do lan&ccedil;amento autoridades municipais e regionais, empresas parceiras, representantes de &oacute;rg&atilde;os da sociedade civil e lideran&ccedil;as comunit&aacute;rias, recepcionados pelo prefeito Nelson Tureck, o presidente da Comiss&atilde;o Organizadora, Alcione Jacob de Souza e o presidente de Honra da festa, Wilson Pereira de God&oacute;i.<\/p>\n<p class=\"MsoNormal\"><o:p>&nbsp;<\/o:p><\/p>\n<p class=\"MsoNormal\">A Festa do Carneiro no Buraco &eacute; promovida pela prefeitura de Campo Mour&atilde;o em parceria com o Sindicato Rural de Campo Mour&atilde;o e Associa&ccedil;&atilde;o dos Servidores Municipais de Campo Mour&atilde;o (Assercam).<\/p>\n","protected":false},"excerpt":{"rendered":"<p>Aproximadamente 1,5 mil pessoas prestigiaram na \u00faltima quarta-feira (15) o lan\u00e7amento da 21\u00aa Festa Nacional do Carneiro no Buraco e Exposi\u00e7\u00e3o Feira, Agropecu\u00e1ria Comercial e Industrial de Campo Mour\u00e3o. <\/p>\n<p>A promo\u00e7\u00e3o, no Centro de Conven\u00e7\u00f5es Celebra, foi marcada pela emo\u00e7\u00e3o e consolidou os preparativos para a realiza\u00e7\u00e3o do evento, de 0 a 10 de julho no Parque de Exposi\u00e7\u00f5es Get\u00falio Ferrari.<\/p>\n","protected":false},"author":1,"featured_media":30222,"comment_status":"open","ping_status":"open","sticky":false,"template":"","format":"standard","meta":{"footnotes":""},"categories":[1],"tags":[7268,7267],"class_list":["post-30223","post","type-post","status-publish","format-standard","has-post-thumbnail","hentry","category-noticias-zeca-dirceu","tag-5-mil-no-lancamento-da-festa-nacional-do-carneiro-no-buraco","tag-mais-de-1"],"_links":{"self":[{"href":"https:\/\/teste.bsb.br\/zeca\/wp-json\/wp\/v2\/posts\/30223","targetHints":{"allow":["GET"]}}],"collection":[{"href":"https:\/\/teste.bsb.br\/zeca\/wp-json\/wp\/v2\/posts"}],"about":[{"href":"https:\/\/teste.bsb.br\/zeca\/wp-json\/wp\/v2\/types\/post"}],"author":[{"embeddable":true,"href":"https:\/\/teste.bsb.br\/zeca\/wp-json\/wp\/v2\/users\/1"}],"replies":[{"embeddable":true,"href":"https:\/\/teste.bsb.br\/zeca\/wp-json\/wp\/v2\/comments?post=30223"}],"version-history":[{"count":0,"href":"https:\/\/teste.bsb.br\/zeca\/wp-json\/wp\/v2\/posts\/30223\/revisions"}],"wp:featuredmedia":[{"embeddable":true,"href":"https:\/\/teste.bsb.br\/zeca\/wp-json\/wp\/v2\/media\/30222"}],"wp:attachment":[{"href":"https:\/\/teste.bsb.br\/zeca\/wp-json\/wp\/v2\/media?parent=30223"}],"wp:term":[{"taxonomy":"category","embeddable":true,"href":"https:\/\/teste.bsb.br\/zeca\/wp-json\/wp\/v2\/categories?post=30223"},{"taxonomy":"post_tag","embeddable":true,"href":"https:\/\/teste.bsb.br\/zeca\/wp-json\/wp\/v2\/tags?post=30223"}],"curies":[{"name":"wp","href":"https:\/\/api.w.org\/{rel}","templated":true}]}}