{"id":30219,"date":"2011-06-20T00:00:00","date_gmt":"2011-06-20T03:00:00","guid":{"rendered":"https:\/\/www.zecadirceu.com.br\/provopar-de-paranavai-prepara-a-3a-edicao-da-festa-julina\/"},"modified":"2011-06-20T00:00:00","modified_gmt":"2011-06-20T03:00:00","slug":"provopar-de-paranavai-prepara-a-3a-edicao-da-festa-julina","status":"publish","type":"post","link":"https:\/\/teste.bsb.br\/zeca\/provopar-de-paranavai-prepara-a-3a-edicao-da-festa-julina\/","title":{"rendered":"Provopar de Paranava\u00ed prepara a 3\u00aa edi\u00e7\u00e3o da Festa Julina"},"content":{"rendered":"<p>&nbsp;O Programa do Voluntariado Paranaense (Provopar) de Paranava&iacute; programa para o pr&oacute;ximo dia 2 de julho (s&aacute;bado), a 3&ordf; edi&ccedil;&atilde;o da Festa Julina, na quadra coberta da entidade. O evento, al&eacute;m de oferecer mais uma op&ccedil;&atilde;o de lazer e divers&atilde;o &agrave;s fam&iacute;lias da cidade, vai promover uma confraterniza&ccedil;&atilde;o entre os servidores municipais.<\/p>\n<p class=\"MsoNormal\"><o:p>&nbsp;<\/o:p><\/p>\n<p class=\"MsoNormal\">A entrada para a festa &eacute; gratuita. S&oacute; ser&aacute; cobrado o que for consumido no local. Todo o dinheiro arrecadado na festa ser&aacute; revertido ao Provopar.<\/p>\n<p class=\"MsoNormal\"><o:p>&nbsp;<\/o:p><\/p>\n<p class=\"MsoNormal\">A anima&ccedil;&atilde;o do evento vai ficar a cargo da apresenta&ccedil;&atilde;o ao vivo do sanfoneiro Braga, de S&atilde;o Jos&eacute; dos Campos. Tamb&eacute;m j&aacute; est&atilde;o confirmadas apresenta&ccedil;&otilde;es art&iacute;sticas de alunos da rede municipal de ensino e a quadrilha dos servidores municipais, com direito a casamento caipira.<\/p>\n<p class=\"MsoNormal\"><o:p>&nbsp;<\/o:p><\/p>\n<p class=\"MsoNormal\">Isso sem contar as barracas de bebidas e comidas t&iacute;picas e de atividades recreativas, que estar&atilde;o a cargo das secretarias municipais. S&atilde;o elas: barracas de pescaria e argola, espetinho, cachorro-quente, bolos, pipoca, canjica, arroz-doce, pamonha, cural e quent&atilde;o. Leve a sua fam&iacute;lia para se divertir e participe dessa festa. A sede do Provopar fica na Rua Manoel Ribas, 2.205, Jardim Ouro Branco. (Com informa&ccedil;&otilde;es do Di&aacute;rio do Noroeste)<\/p>\n","protected":false},"excerpt":{"rendered":"<p>O Programa do Voluntariado Paranaense (Provopar) de Paranava\u00ed programa para o pr\u00f3ximo dia 2 de julho (s\u00e1bado), a 3\u00aa edi\u00e7\u00e3o da Festa Julina, na quadra coberta da entidade. O evento, al\u00e9m de oferecer mais uma op\u00e7\u00e3o de lazer e divers\u00e3o \u00e0s fam\u00edlias da cidade, vai promover uma confraterniza\u00e7\u00e3o entre os servidores municipais.<\/p>\n<p>A entrada para a festa \u00e9 gratuita. S\u00f3 ser\u00e1 cobrado o que for consumido no local. Todo o dinheiro arrecadado na festa ser\u00e1 revertido ao Provopar.<\/p>\n","protected":false},"author":1,"featured_media":30218,"comment_status":"open","ping_status":"open","sticky":false,"template":"","format":"standard","meta":{"footnotes":""},"categories":[1],"tags":[7265],"class_list":["post-30219","post","type-post","status-publish","format-standard","has-post-thumbnail","hentry","category-noticias-zeca-dirceu","tag-provopar-de-paranavai-prepara-a-3a-edicao-da-festa-julina"],"_links":{"self":[{"href":"https:\/\/teste.bsb.br\/zeca\/wp-json\/wp\/v2\/posts\/30219","targetHints":{"allow":["GET"]}}],"collection":[{"href":"https:\/\/teste.bsb.br\/zeca\/wp-json\/wp\/v2\/posts"}],"about":[{"href":"https:\/\/teste.bsb.br\/zeca\/wp-json\/wp\/v2\/types\/post"}],"author":[{"embeddable":true,"href":"https:\/\/teste.bsb.br\/zeca\/wp-json\/wp\/v2\/users\/1"}],"replies":[{"embeddable":true,"href":"https:\/\/teste.bsb.br\/zeca\/wp-json\/wp\/v2\/comments?post=30219"}],"version-history":[{"count":0,"href":"https:\/\/teste.bsb.br\/zeca\/wp-json\/wp\/v2\/posts\/30219\/revisions"}],"wp:featuredmedia":[{"embeddable":true,"href":"https:\/\/teste.bsb.br\/zeca\/wp-json\/wp\/v2\/media\/30218"}],"wp:attachment":[{"href":"https:\/\/teste.bsb.br\/zeca\/wp-json\/wp\/v2\/media?parent=30219"}],"wp:term":[{"taxonomy":"category","embeddable":true,"href":"https:\/\/teste.bsb.br\/zeca\/wp-json\/wp\/v2\/categories?post=30219"},{"taxonomy":"post_tag","embeddable":true,"href":"https:\/\/teste.bsb.br\/zeca\/wp-json\/wp\/v2\/tags?post=30219"}],"curies":[{"name":"wp","href":"https:\/\/api.w.org\/{rel}","templated":true}]}}