{"id":30189,"date":"2011-06-21T00:00:00","date_gmt":"2011-06-21T03:00:00","guid":{"rendered":"https:\/\/www.zecadirceu.com.br\/camara-debate-plano-agricola-2011-2012\/"},"modified":"2011-06-21T00:00:00","modified_gmt":"2011-06-21T03:00:00","slug":"camara-debate-plano-agricola-2011-2012","status":"publish","type":"post","link":"https:\/\/teste.bsb.br\/zeca\/camara-debate-plano-agricola-2011-2012\/","title":{"rendered":"C\u00e2mara debate Plano Agr\u00edcola 2011\/2012"},"content":{"rendered":"<p>Logo mais, &agrave;s 15 horas, participo de uma importante audi&ecirc;ncia para discutir o Plano Agr&iacute;cola e Pecu&aacute;rio 2011\/2012, lan&ccedil;ado na &uacute;ltima sexta-feira, 17, pelo ministro da Agricultura, Wagner Rossi.<\/p>\n<p>Organizado pela Comiss&atilde;o de Agricultura, Pecu&aacute;ria, Abastecimento e Desenvolvimento Rural, o evento pretende analisar as diretrizes nacionais do plano e detalhar os investimentos programados neste per&iacute;odo de execu&ccedil;&atilde;o do projeto.<\/p>\n<p>O plano alcan&ccedil;a o valor recorde de R$ 107,2 bilh&otilde;es direcionados &agrave; agricultura comercial, com novas linhas de cr&eacute;dito espec&iacute;ficas para compra de matrizes e reprodutores bovinos e renova&ccedil;&atilde;o e expans&atilde;o de canaviais.<\/p>\n<p><strong>Foram convidados: <\/strong><\/p>\n<p>&#8211; o coordenador-geral de An&aacute;lises Econ&ocirc;micas do Minist&eacute;rio da Agricultura, Wilson Vaz de Araujo; <br \/>\n&#8211; o secret&aacute;rio de Agricultura Familiar do Minist&eacute;rio do Desenvolvimento Agr&aacute;rio, Laudemir Muller; <br \/>\n&#8211; a presidente da Confedera&ccedil;&atilde;o Nacional da Agricultura e Pecu&aacute;ria do Brasil (CNA), senadora K&aacute;tia Abreu;<br \/>\n&#8211; o assessor da Secretaria de Pol&iacute;tica Agr&iacute;cola da Contag, Paulo de Oliveira Poleze; <br \/>\n&#8211; o diretor da Companhia Nacional de Abastecimento (Conab) S&iacute;lvio Isopo Porto; <br \/>\n&#8211; o diretor de Agroneg&oacute;cios do Banco do Brasil, Ives Cezar F&uuml;lber;<br \/>\n&#8211; o presidente do Banco do Nordeste do Brasil, Roberto Smith; <br \/>\n&#8211; a gerente de Microfinan&ccedil;as e Agricultura Familiar do Banco da Amaz&ocirc;nia, Cristina Ferreira Alves Lopes;<br \/>\n&#8211; o presidente da Organiza&ccedil;&atilde;o das Cooperativas Brasileiras (OCB), M&aacute;rcio Lopes de Freitas;<br \/>\n&#8211; o presidente da Associa&ccedil;&atilde;o Brasileira das Entidades de Assist&ecirc;ncia T&eacute;cnica e Extens&atilde;o Rural (Asbraer), Julio Zo&eacute; de Brito;<br \/>\n&#8211; o presidente da Uni&atilde;o Nacional das Cooperativas da Agricultura Familiar (Unicafes), Jos&eacute; Paulo Cris&oacute;stomo.<br \/>\nA reuni&atilde;o ser&aacute; realizada &agrave;s 15 horas, no Plen&aacute;rio 6.<br \/>\n&nbsp;<\/p>\n","protected":false},"excerpt":{"rendered":"<p>Logo mais, \u00e0s 15 horas, participo de uma importante audi\u00eancia para discutir o Plano Agr\u00edcola e Pecu\u00e1rio 2011\/2012, lan\u00e7ado na \u00faltima sexta-feira, 17, pelo ministro da Agricultura, Wagner Rossi. <\/p>\n<p>Organizado pela Comiss\u00e3o de Agricultura, Pecu\u00e1ria, Abastecimento e Desenvolvimento Rural, o evento pretende analisar as diretrizes nacionais do plano e detalhar os investimentos programados neste per\u00edodo de execu\u00e7\u00e3o do projeto.<\/p>\n","protected":false},"author":1,"featured_media":30188,"comment_status":"open","ping_status":"open","sticky":false,"template":"","format":"standard","meta":{"footnotes":""},"categories":[1],"tags":[348,7254],"class_list":["post-30189","post","type-post","status-publish","format-standard","has-post-thumbnail","hentry","category-noticias-zeca-dirceu","tag-camara","tag-debate-agricola"],"_links":{"self":[{"href":"https:\/\/teste.bsb.br\/zeca\/wp-json\/wp\/v2\/posts\/30189","targetHints":{"allow":["GET"]}}],"collection":[{"href":"https:\/\/teste.bsb.br\/zeca\/wp-json\/wp\/v2\/posts"}],"about":[{"href":"https:\/\/teste.bsb.br\/zeca\/wp-json\/wp\/v2\/types\/post"}],"author":[{"embeddable":true,"href":"https:\/\/teste.bsb.br\/zeca\/wp-json\/wp\/v2\/users\/1"}],"replies":[{"embeddable":true,"href":"https:\/\/teste.bsb.br\/zeca\/wp-json\/wp\/v2\/comments?post=30189"}],"version-history":[{"count":0,"href":"https:\/\/teste.bsb.br\/zeca\/wp-json\/wp\/v2\/posts\/30189\/revisions"}],"wp:featuredmedia":[{"embeddable":true,"href":"https:\/\/teste.bsb.br\/zeca\/wp-json\/wp\/v2\/media\/30188"}],"wp:attachment":[{"href":"https:\/\/teste.bsb.br\/zeca\/wp-json\/wp\/v2\/media?parent=30189"}],"wp:term":[{"taxonomy":"category","embeddable":true,"href":"https:\/\/teste.bsb.br\/zeca\/wp-json\/wp\/v2\/categories?post=30189"},{"taxonomy":"post_tag","embeddable":true,"href":"https:\/\/teste.bsb.br\/zeca\/wp-json\/wp\/v2\/tags?post=30189"}],"curies":[{"name":"wp","href":"https:\/\/api.w.org\/{rel}","templated":true}]}}