{"id":30157,"date":"2011-06-22T00:00:00","date_gmt":"2011-06-22T03:00:00","guid":{"rendered":"https:\/\/www.zecadirceu.com.br\/parlasul-podera-ter-primeira-sessao-do-ano-em-11-de-julho\/"},"modified":"2011-06-22T00:00:00","modified_gmt":"2011-06-22T03:00:00","slug":"parlasul-podera-ter-primeira-sessao-do-ano-em-11-de-julho","status":"publish","type":"post","link":"https:\/\/teste.bsb.br\/zeca\/parlasul-podera-ter-primeira-sessao-do-ano-em-11-de-julho\/","title":{"rendered":"Parlasul poder\u00e1 ter primeira sess\u00e3o do ano em 11 de julho"},"content":{"rendered":"<p>&nbsp;O Parlamento do Mercosul (Parlasul) poder&aacute; realizar a sua primeira sess&atilde;o do ano, em Montevid&eacute;u, nos dias 11 e 12 de julho, ainda antes do recesso parlamentar no Brasil. Para que isso ocorra, ser&atilde;o necess&aacute;rias a indica&ccedil;&atilde;o dos 37 integrantes brasileiros pelas lideran&ccedil;as partid&aacute;rias &#8211; apenas 18 foram nomeados at&eacute; a manh&atilde; desta quarta-feira (22) &#8211; e a elei&ccedil;&atilde;o do presidente e do vice-presidente da Representa&ccedil;&atilde;o Brasileira.<\/p>\n<div>&nbsp;<\/div>\n<div>Al&eacute;m disso, o Conselho do Mercado Comum, &oacute;rg&atilde;o m&aacute;ximo do Mercosul, dever&aacute; ainda estender at&eacute; 2014 a etapa de transi&ccedil;&atilde;o para a constru&ccedil;&atilde;o do parlamento.<\/div>\n<div>&nbsp;<\/div>\n<div>Ap&oacute;s a aprova&ccedil;&atilde;o da Resolu&ccedil;&atilde;o n&ordm; 1\/11 do Congresso Nacional, em 25 de maio, foi aberto o prazo para a indica&ccedil;&atilde;o dos deputados e senadores, no exerc&iacute;cio de seus mandatos, que integrar&atilde;o a nova representa&ccedil;&atilde;o no Parlasul, informa a Ag&ecirc;ncia Senado de Not&iacute;cias.<\/div>\n<div>&nbsp;<\/div>\n<div>Dos 27 deputados que v&atilde;o integrar a representa&ccedil;&atilde;o, 16 j&aacute; foram nomeados por seus partidos ou blocos partid&aacute;rios. No Senado, foram anunciadas na ter&ccedil;a-feira (21) as indica&ccedil;&otilde;es dos senadores Paulo Bauer (PSDB-SC) e Mozarildo Cavalcanti (PTB-RR) como membros titulares. Oito senadores ainda dever&atilde;o ser indicados pelas lideran&ccedil;as partid&aacute;rias.<\/div>\n<div>&nbsp;<\/div>\n<div>A reuni&atilde;o durante a qual ser&atilde;o eleitos o presidente e o vice-presidente da representa&ccedil;&atilde;o dever&aacute; ocorrer at&eacute; 6 de julho, a tempo de garantir a presen&ccedil;a brasileira na sess&atilde;o do Parlasul prevista para cinco dias depois, em Montevid&eacute;u.<\/div>\n<div>&nbsp;<\/div>\n<div>Bancadas<\/div>\n<div>As maiores bancadas de deputados ser&atilde;o do PT e do PMDB, com cinco e quatro parlamentares, respectivamente. Entre os indicados pelo PT est&aacute; o deputado Dr. Rosinha (PT), que j&aacute; exerceu o cargo de presidente do Parlasul.<\/div>\n<div>&nbsp;<\/div>\n<div>No Senado, o PMDB e o Bloco de Apoio ao Governo ter&atilde;o, cada um, tr&ecirc;s integrantes na nova representa&ccedil;&atilde;o, al&eacute;m de uma vaga adicional a ser preenchida em comum acordo entre as duas bancadas. O Bloco da Minoria ter&aacute; dois senadores na representa&ccedil;&atilde;o e o PTB, um.<\/div>\n<div>&nbsp;<\/div>\n","protected":false},"excerpt":{"rendered":"<p>O Parlamento do Mercosul (Parlasul) poder\u00e1 realizar a sua primeira sess\u00e3o do ano, em Montevid\u00e9u, nos dias 11 e 12 de julho, ainda antes do recesso parlamentar no Brasil. <\/p>\n<p>Para que isso ocorra, ser\u00e3o necess\u00e1rias a indica\u00e7\u00e3o dos 37 integrantes brasileiros pelas lideran\u00e7as partid\u00e1rias &#8211; apenas 18 foram nomeados at\u00e9 a manh\u00e3 desta quarta-feira (22) &#8211; e a elei\u00e7\u00e3o do presidente e do vice-presidente da Representa\u00e7\u00e3o Brasileira.<\/p>\n","protected":false},"author":1,"featured_media":30156,"comment_status":"open","ping_status":"open","sticky":false,"template":"","format":"standard","meta":{"footnotes":""},"categories":[1],"tags":[7245],"class_list":["post-30157","post","type-post","status-publish","format-standard","has-post-thumbnail","hentry","category-noticias-zeca-dirceu","tag-parlasul-podera-ter-primeira-sessao-do-ano-em-11-de-julho"],"_links":{"self":[{"href":"https:\/\/teste.bsb.br\/zeca\/wp-json\/wp\/v2\/posts\/30157","targetHints":{"allow":["GET"]}}],"collection":[{"href":"https:\/\/teste.bsb.br\/zeca\/wp-json\/wp\/v2\/posts"}],"about":[{"href":"https:\/\/teste.bsb.br\/zeca\/wp-json\/wp\/v2\/types\/post"}],"author":[{"embeddable":true,"href":"https:\/\/teste.bsb.br\/zeca\/wp-json\/wp\/v2\/users\/1"}],"replies":[{"embeddable":true,"href":"https:\/\/teste.bsb.br\/zeca\/wp-json\/wp\/v2\/comments?post=30157"}],"version-history":[{"count":0,"href":"https:\/\/teste.bsb.br\/zeca\/wp-json\/wp\/v2\/posts\/30157\/revisions"}],"wp:featuredmedia":[{"embeddable":true,"href":"https:\/\/teste.bsb.br\/zeca\/wp-json\/wp\/v2\/media\/30156"}],"wp:attachment":[{"href":"https:\/\/teste.bsb.br\/zeca\/wp-json\/wp\/v2\/media?parent=30157"}],"wp:term":[{"taxonomy":"category","embeddable":true,"href":"https:\/\/teste.bsb.br\/zeca\/wp-json\/wp\/v2\/categories?post=30157"},{"taxonomy":"post_tag","embeddable":true,"href":"https:\/\/teste.bsb.br\/zeca\/wp-json\/wp\/v2\/tags?post=30157"}],"curies":[{"name":"wp","href":"https:\/\/api.w.org\/{rel}","templated":true}]}}