{"id":30145,"date":"2011-06-22T00:00:00","date_gmt":"2011-06-22T03:00:00","guid":{"rendered":"https:\/\/www.zecadirceu.com.br\/rodoferroviaria-de-curitiba-vai-receber-r-36-milhoes-do-pac-da-copa-para-reforma\/"},"modified":"2011-06-22T00:00:00","modified_gmt":"2011-06-22T03:00:00","slug":"rodoferroviaria-de-curitiba-vai-receber-r-36-milhoes-do-pac-da-copa-para-reforma","status":"publish","type":"post","link":"https:\/\/teste.bsb.br\/zeca\/rodoferroviaria-de-curitiba-vai-receber-r-36-milhoes-do-pac-da-copa-para-reforma\/","title":{"rendered":"Rodoferrovi\u00e1ria de Curitiba vai receber R$ 36 milh\u00f5es do PAC da Copa para reforma"},"content":{"rendered":"<p>Como Titular da Comiss&atilde;o de Via&ccedil;&atilde;o e Transportes (CVT) quero anunciar o repasse de R$ 36 milh&otilde;es, financiados pelo governo federal via Plano de Acelera&ccedil;&atilde;o do Crescimento (PAC) da Copa, para a reforma e amplia&ccedil;&atilde;o da Rodoferrovi&aacute;ria, em Curitiba. <\/p>\n<p>O projeto prev&ecirc; ainda a implanta&ccedil;&atilde;o de um &ldquo;bin&aacute;rio de viadutos&rdquo; at&eacute; a Copa de 2014. No local, ser&aacute; ser erguido um novo viaduto, ligando a Avenida das Torres &agrave; Afonso Camargo, formando uma esp&eacute;cie de bin&aacute;rio com o viaduto do Colorado. A nova obra deve ter sentido exclusivo para o centro &ndash; o atual segue para S&atilde;o Jos&eacute; dos Pinhais.<\/p>\n<p>A prefeitura ainda precisa entrar em acordo com a Secretaria de Patrim&ocirc;nio da Uni&atilde;o, detentora de um terreno aos fundos da Rodovi&aacute;ria que deve ser ocupado pelo novo viaduto. <br \/>\nSegundo a Secretaria de Patrim&ocirc;nio da Uni&atilde;o, vinculada ao Minist&eacute;rio do Planejamento, o processo ainda est&aacute; sob an&aacute;lise. <\/p>\n<p>Com a revitaliza&ccedil;&atilde;o, Curitiba d&aacute; in&iacute;cio &agrave; readequa&ccedil;&atilde;o da Avenida das Torres (em uma liga&ccedil;&atilde;o direta com o Aeroporto Afonso Pena), uma das prioridades para a Copa. Atualmente, quem usa a via no sentido capital precisa desviar para chegar ao centro. &Eacute; esse problema que a nova obra pretende resolver. <\/p>\n<p>Para o professor do Departamento de Transportes da UFPR Garrone Reck, al&eacute;m da cria&ccedil;&atilde;o do viaduto, &eacute; preciso investigar as causas dos engarrafamentos. &ldquo;&#91;O viaduto] &eacute; uma solu&ccedil;&atilde;o vi&aacute;ria com limita&ccedil;&otilde;es. A rede vi&aacute;ria precisa ser analisada, com base em ferramentas de tecnologia.&rdquo;<br \/>\nCaos<\/p>\n<p>Inaugurado em 1972, o atual pr&eacute;dio da Rodoferrovi&aacute;ria est&aacute; distante das condi&ccedil;&otilde;es ideais. A Em feriados, a movimenta&ccedil;&atilde;o de pessoas e a falta de espa&ccedil;o para os ve&iacute;culos tornam o local ca&oacute;tico. No ano passado, na volta da P&aacute;scoa, v&aacute;rios passageiros embarcaram em &ocirc;nibus fora da plataforma de ve&iacute;culos, devido &agrave; escassez de vagas.<\/p>\n<p>Diretor de Planejamento e Desenvolvimento da Urbs, Fabiano Braga Cortes J&uacute;nior afirma que &ldquo;a inten&ccedil;&atilde;o &eacute; dar mais conforto e qualidade aos usu&aacute;rios e &agrave;s empresas&rdquo;, diz. &ldquo;Vamos realizar mudan&ccedil;as tecnol&oacute;gicas, com a instala&ccedil;&atilde;o de equipamentos de informa&ccedil;&atilde;o e telas de LCD.&rdquo;<\/p>\n<p>Neste ano, at&eacute; maio, a Rodo&not;ferrovi&aacute;ria transportou pouco mais de 3 milh&otilde;es de passageiros. De 2009 para 2010, houve crescimento de 4% na demanda, saltando de 7,3 milh&otilde;es para 7,5 milh&otilde;es. Por dia, cerca de 900 &ocirc;nibus chegam e saem do espa&ccedil;o. Em feriados a demanda cresce perto de 30%, com 1,2 mil &ocirc;nibus di&aacute;rios.<\/p>\n<p>&nbsp;<\/p>\n","protected":false},"excerpt":{"rendered":"<p>Como Titular da Comiss\u00e3o de Via\u00e7\u00e3o e Transportes (CVT) quero anunciar o repasse de R$ 36 milh\u00f5es, financiados pelo governo federal via Plano de Acelera\u00e7\u00e3o do Crescimento (PAC) da Copa, para a reforma e amplia\u00e7\u00e3o da Rodoferrovi\u00e1ria, em Curitiba. O projeto prev\u00ea ainda a implanta\u00e7\u00e3o de um \u201cbin\u00e1rio de viadutos\u201d at\u00e9 a Copa de 2014. <\/p>\n<p>No local, ser\u00e1 erguido um novo viaduto, ligando a Avenida das Torres \u00e0 Afonso Camargo, formando uma esp\u00e9cie de bin\u00e1rio com o viaduto do Colorado. A nova obra deve ter sentido exclusivo para o centro \u2013 o atual segue para S\u00e3o Jos\u00e9 dos Pinhais.<\/p>\n","protected":false},"author":1,"featured_media":30144,"comment_status":"open","ping_status":"open","sticky":false,"template":"","format":"standard","meta":{"footnotes":""},"categories":[1],"tags":[62,196,7237],"class_list":["post-30145","post","type-post","status-publish","format-standard","has-post-thumbnail","hentry","category-noticias-zeca-dirceu","tag-curitiba","tag-pac","tag-rodoferroviaria"],"_links":{"self":[{"href":"https:\/\/teste.bsb.br\/zeca\/wp-json\/wp\/v2\/posts\/30145","targetHints":{"allow":["GET"]}}],"collection":[{"href":"https:\/\/teste.bsb.br\/zeca\/wp-json\/wp\/v2\/posts"}],"about":[{"href":"https:\/\/teste.bsb.br\/zeca\/wp-json\/wp\/v2\/types\/post"}],"author":[{"embeddable":true,"href":"https:\/\/teste.bsb.br\/zeca\/wp-json\/wp\/v2\/users\/1"}],"replies":[{"embeddable":true,"href":"https:\/\/teste.bsb.br\/zeca\/wp-json\/wp\/v2\/comments?post=30145"}],"version-history":[{"count":0,"href":"https:\/\/teste.bsb.br\/zeca\/wp-json\/wp\/v2\/posts\/30145\/revisions"}],"wp:featuredmedia":[{"embeddable":true,"href":"https:\/\/teste.bsb.br\/zeca\/wp-json\/wp\/v2\/media\/30144"}],"wp:attachment":[{"href":"https:\/\/teste.bsb.br\/zeca\/wp-json\/wp\/v2\/media?parent=30145"}],"wp:term":[{"taxonomy":"category","embeddable":true,"href":"https:\/\/teste.bsb.br\/zeca\/wp-json\/wp\/v2\/categories?post=30145"},{"taxonomy":"post_tag","embeddable":true,"href":"https:\/\/teste.bsb.br\/zeca\/wp-json\/wp\/v2\/tags?post=30145"}],"curies":[{"name":"wp","href":"https:\/\/api.w.org\/{rel}","templated":true}]}}