{"id":30069,"date":"2011-06-26T00:00:00","date_gmt":"2011-06-26T03:00:00","guid":{"rendered":"https:\/\/www.zecadirceu.com.br\/morre-o-ex-ministro-da-educacao-paulo-renato\/"},"modified":"2011-06-26T00:00:00","modified_gmt":"2011-06-26T03:00:00","slug":"morre-o-ex-ministro-da-educacao-paulo-renato","status":"publish","type":"post","link":"https:\/\/teste.bsb.br\/zeca\/morre-o-ex-ministro-da-educacao-paulo-renato\/","title":{"rendered":"Morre o ex-ministro da Educa\u00e7\u00e3o Paulo Renato"},"content":{"rendered":"<p>Morreu na noite de ontem (25) o ex-ministro da Educa&ccedil;&atilde;o Paulo Renato Souza. Paulo Renato tinha 65 anos e foi v&iacute;tima de um infarto fulminante.<\/p>\n<p>O ex-ministro passava o feriado em um hotel na cidade de S&atilde;o Roque, interior de S&atilde;o Paulo. Passou mal, chegou a ser socorrido, mas n&atilde;o resistiu.<\/p>\n<p>Al&eacute;m de ministro da Educa&ccedil;&atilde;o no governo Fernando Henrique Cardoso, Paulo Renato foi deputado federal, secret&aacute;rio estadual de Educa&ccedil;&atilde;o de S&atilde;o Paulo, reitor da Universidade Estadual de Campinas (Unicamp) e gerente de Opera&ccedil;&otilde;es do Banco Interamericano de Desenvolvimento (BID). Paulo Renato tamb&eacute;m foi um dos fundadores do Partido da Social Democracia Brasileira (PSDB).<\/p>\n<p>O ex-ministro nasceu em Porto Alegre, no dia 10 de setembro de 1945. Formou-se em Economia e, mais tarde, obteve t&iacute;tulo de mestre e doutor. Paulo Renato ser&aacute; velado hoje (26), a partir desta manh&atilde;, na Assembleia Legislativa de S&atilde;o Paulo (Alesp). Seu corpo ser&aacute; enterrado amanh&atilde; (27), &agrave;s 10 horas, no Cemit&eacute;rio do Morumbi.<\/p>\n<p>&nbsp;<\/p>\n","protected":false},"excerpt":{"rendered":"<p>Morreu na noite de ontem (25) o ex-ministro da Educa\u00e7\u00e3o Paulo Renato Souza. Paulo Renato tinha 65 anos e foi v\u00edtima de um infarto fulminante.<\/p>\n<p>O ex-ministro passava o feriado em um hotel na cidade de S\u00e3o Roque, interior de S\u00e3o Paulo. Passou mal, chegou a ser socorrido, mas n\u00e3o resistiu.<\/p>\n","protected":false},"author":1,"featured_media":30068,"comment_status":"open","ping_status":"open","sticky":false,"template":"","format":"standard","meta":{"footnotes":""},"categories":[1],"tags":[448,7213,7212],"class_list":["post-30069","post","type-post","status-publish","format-standard","has-post-thumbnail","hentry","category-noticias-zeca-dirceu","tag-ministro","tag-morrer","tag-paulo-renato-sousa"],"_links":{"self":[{"href":"https:\/\/teste.bsb.br\/zeca\/wp-json\/wp\/v2\/posts\/30069","targetHints":{"allow":["GET"]}}],"collection":[{"href":"https:\/\/teste.bsb.br\/zeca\/wp-json\/wp\/v2\/posts"}],"about":[{"href":"https:\/\/teste.bsb.br\/zeca\/wp-json\/wp\/v2\/types\/post"}],"author":[{"embeddable":true,"href":"https:\/\/teste.bsb.br\/zeca\/wp-json\/wp\/v2\/users\/1"}],"replies":[{"embeddable":true,"href":"https:\/\/teste.bsb.br\/zeca\/wp-json\/wp\/v2\/comments?post=30069"}],"version-history":[{"count":0,"href":"https:\/\/teste.bsb.br\/zeca\/wp-json\/wp\/v2\/posts\/30069\/revisions"}],"wp:featuredmedia":[{"embeddable":true,"href":"https:\/\/teste.bsb.br\/zeca\/wp-json\/wp\/v2\/media\/30068"}],"wp:attachment":[{"href":"https:\/\/teste.bsb.br\/zeca\/wp-json\/wp\/v2\/media?parent=30069"}],"wp:term":[{"taxonomy":"category","embeddable":true,"href":"https:\/\/teste.bsb.br\/zeca\/wp-json\/wp\/v2\/categories?post=30069"},{"taxonomy":"post_tag","embeddable":true,"href":"https:\/\/teste.bsb.br\/zeca\/wp-json\/wp\/v2\/tags?post=30069"}],"curies":[{"name":"wp","href":"https:\/\/api.w.org\/{rel}","templated":true}]}}