{"id":30051,"date":"2011-06-27T00:00:00","date_gmt":"2011-06-27T03:00:00","guid":{"rendered":"https:\/\/www.zecadirceu.com.br\/pm-de-campo-mourao-lanca-campanha-de-educacao-no-transito\/"},"modified":"2011-06-27T00:00:00","modified_gmt":"2011-06-27T03:00:00","slug":"pm-de-campo-mourao-lanca-campanha-de-educacao-no-transito","status":"publish","type":"post","link":"https:\/\/teste.bsb.br\/zeca\/pm-de-campo-mourao-lanca-campanha-de-educacao-no-transito\/","title":{"rendered":"PM de Campo Mour\u00e3o lan\u00e7a campanha de educa\u00e7\u00e3o no tr\u00e2nsito"},"content":{"rendered":"<p>&nbsp;A Pol&iacute;cia Militar de Campo Mour&atilde;o lan&ccedil;a nesta segunda-feira (27), a campanha &ldquo;Tr&acirc;nsito Legal&rdquo;. Trata-se de uma mobiliza&ccedil;&atilde;o envolvendo Rotarys Clubes, escolas estaduais e municipais, Diretran, Tiro de Guerra, associa&ccedil;&otilde;es, e sociedade em geral, para promover a conscientiza&ccedil;&atilde;o no tr&acirc;nsito.<\/p>\n<p class=\"MsoNormal\"><o:p>&nbsp;<\/o:p><\/p>\n<p class=\"MsoNormal\">Ser&atilde;o realizadas em todo o per&iacute;metro urbano, v&aacute;rias blitze educativas, entre outras atividades. A campanha, aberta &agrave;s 9h na pra&ccedil;a da Catedral S&atilde;o Jos&eacute;, vai at&eacute; o dia 30 deste m&ecirc;s, informa o <b>Tribuna do Interior<\/b>.<\/p>\n<p class=\"MsoNormal\"><o:p>&nbsp;<\/o:p><\/p>\n<p class=\"MsoNormal\">Segundo o major Virgulino Alves Silveira, subcomandante do 11&ordm; Batalh&atilde;o de Pol&iacute;cia Militar, a ideia &eacute; conscientizar os usu&aacute;rios do tr&acirc;nsito quanto &agrave; import&acirc;ncia de praticar a dire&ccedil;&atilde;o defensiva. O major comenta que ser&atilde;o realizadas palestras nas escolas do munic&iacute;pio para orientar os alunos em sala de aula, para que eles repassem as informa&ccedil;&otilde;es aos seus familiares em casa.<\/p>\n<p class=\"MsoNormal\"><o:p>&nbsp;<\/o:p><\/p>\n<p class=\"MsoNormal\">Durante as blitze, conforme Silveira, estudantes abordar&atilde;o e entregar&atilde;o aos motoristas multas simb&oacute;licas. Ser&atilde;o feitas tamb&eacute;m exposi&ccedil;&otilde;es de carros envolvidos em acidentes, em pontos mais movimentados para a sensibiliza&ccedil;&atilde;o da popula&ccedil;&atilde;o quanto aos riscos no tr&acirc;nsito.<\/p>\n<p class=\"MsoNormal\"><o:p>&nbsp;<\/o:p><\/p>\n<p class=\"MsoNormal\">&ldquo;O objetivo &eacute; conscientizar a comunidade para um tr&acirc;nsito melhor&rdquo;, ressalta o major, acrescentando que os motoristas que tiverem trafegando corretamente ganhar&atilde;o o adesivo com a seguinte frase: &ldquo;Motorista 100%&rdquo;. Ser&atilde;o instaladas tamb&eacute;m pela cidade faixas com avisos de tr&acirc;nsitos &agrave;s pessoas.<\/p>\n<p class=\"MsoNormal\"><o:p>&nbsp;<\/o:p><\/p>\n<p class=\"MsoNormal\">Para se ter uma ideia, conforme balan&ccedil;o do Corpo de Bombeiros, o m&ecirc;s de maio fechou com 77 acidentes de tr&acirc;nsito. As motocicletas s&atilde;o os ve&iacute;culos que mais se envolvem em acidentes, foram, 42. Cinco pessoas j&aacute; morreram at&eacute; agora.<\/p>\n<p class=\"MsoNormal\"><o:p>&nbsp;<\/o:p><\/p>\n<p class=\"MsoNormal\">De acordo com Silveira, a PM tem realizado diariamente blitze em v&aacute;rios pontos da cidade. Por&eacute;m, segundo ele, a inten&ccedil;&atilde;o &eacute; reduzir ainda mais o n&uacute;mero de acidentes no tr&acirc;nsito. &ldquo;A diminui&ccedil;&atilde;o dos acidentes &eacute; uma luta di&aacute;ria nossa. Na verdade o &iacute;ndice j&aacute; tem reduzido bastante, mas ainda n&atilde;o estamos satisfeitos. Por isso vamos mobilizar a sociedade&rdquo;, avisa.<\/p>\n<p class=\"MsoNormal\"><o:p>&nbsp;<\/o:p><\/p>\n<p class=\"MsoNormal\">Para uma melhor seguran&ccedil;a no tr&acirc;nsito, segue algumas dicas: Conduza motocicletas sempre com farol ligado e uso do capacete, respeite o limite de velocidade, n&atilde;o invada preferenciais, utilize sempre o cinto de seguran&ccedil;a, n&atilde;o entregue ve&iacute;culos a pessoas n&atilde;os habilitadas, se beber n&atilde;o dirija.&nbsp;<\/p>\n","protected":false},"excerpt":{"rendered":"<p>A Pol\u00edcia Militar de Campo Mour\u00e3o lan\u00e7a nesta segunda-feira (27), a campanha \u201cTr\u00e2nsito Legal\u201d. Trata-se de uma mobiliza\u00e7\u00e3o envolvendo Rotarys Clubes, escolas estaduais e municipais, Diretran, Tiro de Guerra, associa\u00e7\u00f5es, e sociedade em geral, para promover a conscientiza\u00e7\u00e3o no tr\u00e2nsito.<\/p>\n<p>Ser\u00e3o realizadas em todo o per\u00edmetro urbano, v\u00e1rias blitze educativas, entre outras atividades. A campanha, aberta \u00e0s 9h na pra\u00e7a da Catedral S\u00e3o Jos\u00e9, vai at\u00e9 o dia 30 deste m\u00eas, informa o Tribuna do Interior.<\/p>\n","protected":false},"author":1,"featured_media":30050,"comment_status":"open","ping_status":"open","sticky":false,"template":"","format":"standard","meta":{"footnotes":""},"categories":[1],"tags":[7206],"class_list":["post-30051","post","type-post","status-publish","format-standard","has-post-thumbnail","hentry","category-noticias-zeca-dirceu","tag-pm-de-campo-mourao-lanca-campanha-de-educacao-no-transito"],"_links":{"self":[{"href":"https:\/\/teste.bsb.br\/zeca\/wp-json\/wp\/v2\/posts\/30051","targetHints":{"allow":["GET"]}}],"collection":[{"href":"https:\/\/teste.bsb.br\/zeca\/wp-json\/wp\/v2\/posts"}],"about":[{"href":"https:\/\/teste.bsb.br\/zeca\/wp-json\/wp\/v2\/types\/post"}],"author":[{"embeddable":true,"href":"https:\/\/teste.bsb.br\/zeca\/wp-json\/wp\/v2\/users\/1"}],"replies":[{"embeddable":true,"href":"https:\/\/teste.bsb.br\/zeca\/wp-json\/wp\/v2\/comments?post=30051"}],"version-history":[{"count":0,"href":"https:\/\/teste.bsb.br\/zeca\/wp-json\/wp\/v2\/posts\/30051\/revisions"}],"wp:featuredmedia":[{"embeddable":true,"href":"https:\/\/teste.bsb.br\/zeca\/wp-json\/wp\/v2\/media\/30050"}],"wp:attachment":[{"href":"https:\/\/teste.bsb.br\/zeca\/wp-json\/wp\/v2\/media?parent=30051"}],"wp:term":[{"taxonomy":"category","embeddable":true,"href":"https:\/\/teste.bsb.br\/zeca\/wp-json\/wp\/v2\/categories?post=30051"},{"taxonomy":"post_tag","embeddable":true,"href":"https:\/\/teste.bsb.br\/zeca\/wp-json\/wp\/v2\/tags?post=30051"}],"curies":[{"name":"wp","href":"https:\/\/api.w.org\/{rel}","templated":true}]}}