{"id":30047,"date":"2011-06-27T00:00:00","date_gmt":"2011-06-27T03:00:00","guid":{"rendered":"https:\/\/www.zecadirceu.com.br\/aeroportos-de-curitiba-e-foz-do-iguacu-sao-prioridades-diz-gleisi\/"},"modified":"2011-06-27T00:00:00","modified_gmt":"2011-06-27T03:00:00","slug":"aeroportos-de-curitiba-e-foz-do-iguacu-sao-prioridades-diz-gleisi","status":"publish","type":"post","link":"https:\/\/teste.bsb.br\/zeca\/aeroportos-de-curitiba-e-foz-do-iguacu-sao-prioridades-diz-gleisi\/","title":{"rendered":"Aeroportos de Curitiba e Foz do Igua\u00e7u s\u00e3o prioridades, diz Gleisi"},"content":{"rendered":"<div>A ministra da Casa Civil Gleisi Hoffmann concedeu, no final de semana, uma extensa entrevista &agrave; jornalista Cristiane Ferreira, da Rede Di&aacute;rios do Paran&aacute;. Entre os destaques citados por Gleisi est&atilde;o as prioridades do Governo Federal para garantir melhorias nos aeroportos de Foz do Igua&ccedil;u e Curitiba, para a Copa do Mundo de Futebol de 2014, que ter&aacute; o Paran&aacute; como uma das subsedes da competi&ccedil;&atilde;o.<\/div>\n<div>&nbsp;<\/div>\n<div>&ldquo;N&oacute;s temos dois focos principais agora por causa da Copa, que s&atilde;o os aeroportos de Curitiba e o de Foz do Igua&ccedil;u. Curitiba, n&oacute;s temos a inten&ccedil;&atilde;o de fazer uma pista adicional, mas n&oacute;s temos alguns problemas locais, n&atilde;o houve ainda a desapropria&ccedil;&atilde;o da &aacute;reas, o Governo do Estado precisa desapropriar as fam&iacute;lias, retirar do local pra poder investir&rdquo;.<\/div>\n<div>&nbsp;<\/div>\n<div>&ldquo;Est&atilde;o previstos pra isso R$ 310 milh&otilde;es, para S&atilde;o Jos&eacute; dos Pinhais, que atende Curitiba. A outra, s&atilde;o investimentos de quase R$80 milh&otilde;es para melhorias de infra-estrutura no aeroporto, em terminais de cargas, de passageiros, melhorias de pista, de estacionamento. Isso j&aacute; come&ccedil;ou a ser feito e para a Copa, n&oacute;s vamos ter esse aeroporto condizente com a necessidade&rdquo;.<\/div>\n<div>&nbsp;<\/div>\n<div>&ldquo;E em Foz do Igua&ccedil;u, n&oacute;s temos duas a&ccedil;&otilde;es, a primeira &eacute; um investimento de R$ 30 milh&otilde;es da Infraero e j&aacute; come&ccedil;aram os processos de licita&ccedil;&atilde;o para aumentar a capacidade de passageiros, melhorar a situa&ccedil;&atilde;o de embarque e desembarque, adequa&ccedil;&otilde;es de pista. Estamos discutindo no &acirc;mbito do governo federal, tamb&eacute;m, a possibilidade de o aeroporto de Foz do Igua&ccedil;u ser uma concess&atilde;o, como est&aacute; se estudando agora para Guarulhos e alguns outros aeroportos&rdquo;.<\/div>\n<div>&nbsp;<\/div>\n<div>Leia a seguir a &iacute;ntegra da entrevista:<\/div>\n<div>&nbsp;<\/div>\n<div>&ldquo;Eu sei muito bem o que me trouxe a Bras&iacute;lia&rdquo;<\/div>\n<div>&nbsp;<\/div>\n<div>&ldquo;Quem &eacute; a ministra Gleisi Hoffmann?<\/div>\n<div>&nbsp;<\/div>\n<div>Uma mulher decidida a acertar muito, ou a errar menos. Com muito prop&oacute;sito de servir, fazer com que as coisas aconte&ccedil;am e fazer com que o pai de fam&iacute;lia, a m&atilde;e de fam&iacute;lia sintam que os programas de governo est&atilde;o fazendo diferen&ccedil;a nas suas vidas.<\/div>\n<div>&nbsp;<\/div>\n<div>Como o Paran&aacute; se encaixa neste contesto de forte investimento p&uacute;blico e de desenvolvimento da economia nacional?<\/div>\n<div>Obviamente o Paran&aacute; est&aacute; neste contexto. Mas voc&ecirc; sabe que a quest&atilde;o da infra-estrutura n&atilde;o &eacute; algo que se resolve de forma r&aacute;pida. N&oacute;s dependemos dos estados, de licen&ccedil;as ambientais e s&atilde;o sempre obras de grande magnitude e valor, mas n&oacute;s tivemos grandes avan&ccedil;os.<\/div>\n<div>Primeiro, com o PAC-1, v&aacute;rias obras foram retomadas no Paran&aacute;, uma delas &eacute; a Estrada Boiadeira, que &eacute; uma rodovia importante, que ter&aacute; a ordem de servi&ccedil;o assinada agora em julho, com a presen&ccedil;a da presidente Dilma. S&atilde;o 250 km de extens&atilde;o e R$500 milh&otilde;es de investimento e que h&aacute; muito tempo estava parada. A Boiadeira &eacute; fundamental para produ&ccedil;&atilde;o no Estado, assim como outras rodovias, que estavam com dificuldades e foram retomadas.<\/div>\n<div>Para se ter id&eacute;ia, daqui para 2014, o Governo Federal vai destinar R$3,2 bilh&otilde;es para investimentos em rodovias. Todas as rodovias v&atilde;o ser adequadas, o que tiver que ser duplicado ser&aacute; duplicado e o governo est&aacute; acompanhando de perto as concess&otilde;es para empresas privadas.<\/div>\n<div>Em termo de ferrovias, n&oacute;s retomamos a Ferroeste, que infelizmente n&atilde;o tinha entrado no PAC por falta de iniciativa do Governo do Estado, que tinha contradi&ccedil;&otilde;es em rela&ccedil;&atilde;o ao valor apresentado e n&oacute;s conseguimos retomar. A Valec est&aacute; fazendo o estudo, s&atilde;o mais de 1100 km, que entram por Gua&iacute;ra passam por Cascavel, Guarapuava at&eacute; o porto de Paranagu&aacute;<\/div>\n<div>&Eacute; um valor de R$ 8 milh&otilde;es para esse estudo de viabilidade t&eacute;cnica, ambiental e econ&ocirc;mica e vai sair da&iacute; um projeto b&aacute;sico e n&oacute;s j&aacute; temos um acerto com o governo. J&aacute; falei com a ministra Miriam Belchior (Planejamento) pra que essa ferrovia integre o PAC novamente, para que seja feito o projeto de engenharia e depois a constru&ccedil;&atilde;o. &Eacute; uma obra que vai demorar alguns anos, 1,2,3, talvez 4 anos, mas &eacute; uma obra estruturante para o Paran&aacute;.<\/div>\n<div>Com rela&ccedil;&atilde;o ao Porto de Paranagu&aacute;, n&oacute;s estamos em conversa&ccedil;&atilde;o. Voc&ecirc; sabe que o porto &eacute; uma concess&atilde;o e est&aacute; nas m&atilde;os do Governo do Estado. A presidente Dilma j&aacute; falou com o governador Beto Richa, eu tamb&eacute;m j&aacute; tive a oportunidade de falar com ele e o Governo Federal est&aacute; aberto pra receber as propostas e fazer um bom projeto de investimento porque o porto tamb&eacute;m tem o interesse nacional.<\/div>\n<div>&nbsp;<\/div>\n<div>A senhora foi diretora financeira de Itaipu durante 4 anos. O empres&aacute;rio Eike Batista disse que investimento em energia n&atilde;o &eacute; nem investimento, tamanho o retorno. A senhora tem algo a falar sobre a Itaipu e a energia no Paran&aacute;?<\/div>\n<div>Itaipu &eacute; uma usina fundamental para o Paran&aacute; e para o Brasil, responde por quase 25% do consumo de energia nacional. E hoje a tarifa da Itaipu para o Brasil &eacute; uma das mais baixas, est&aacute; na casa de R$80 o megawatt\/hr. S&oacute; para voc&ecirc; ter id&eacute;ia, as usinas novas que foram licitadas agora, como Belo Monte e outras, n&oacute;s vamos ter uma m&eacute;dia de custo de R$75 o megawatt\/hr a energia nova no Brasil de outras usinas e PCH t&ecirc;m uma m&eacute;dia de R$130. A energia de Itaipu &eacute; uma energia barata e vai ficar mais barata a partir de 2023, que &eacute; quando Itaipu p&aacute;ra de pagar a d&iacute;vida assumida para sua constru&ccedil;&atilde;o. Ent&atilde;o, n&oacute;s vamos ter uma das energias mais baixas do mundo em rela&ccedil;&atilde;o &agrave; Itaipu.<\/div>\n<div>E n&oacute;s n&atilde;o podemos esquecer as concess&otilde;es, por que agora em 2015 vencem v&aacute;rias concess&otilde;es de energia, que ou o governo vai renovar ou vai licitar novamente. Isso est&aacute; sendo estudado no interior do governo, mas uma das orienta&ccedil;&otilde;es da presidenta &eacute; a quest&atilde;o tarif&acute;&#91;aria. Qualquer que seja a situa&ccedil;&atilde;o adotada pelo governo com base em pareceres no TCU, jur&iacute;dicos, discuss&otilde;es no minist&eacute;rio, qualquer que seja, n&oacute;s queremos uma tarifa de energia mais barata e isso se d&aacute; em termos da renova&ccedil;&atilde;o de se refazer a concess&atilde;o, mas n&oacute;s temos que conversar com os estados.<\/div>\n<div>&nbsp;<\/div>\n<div>Itaipu &eacute; um exemplo de energia mais barata?<\/div>\n<div>Na realidade, Itaipu tem uma hist&oacute;ria, conforme vai baixando seu custo, ela vai reduzindo, porque ela &eacute; uma contrata&ccedil;&atilde;o e o pre&ccedil;o da tarifa dela &eacute; pelo custo, ent&atilde;o &eacute; uma contrata&ccedil;&atilde;o diferente, mas no in&iacute;cio tinha muitas cr&iacute;ticas. Ent&atilde;o pode ser um exemplo para mostrar que um empreendimento grande, um empreendimento de f&ocirc;lego pode trazer muitos benef&iacute;cios, como trouxe, e ser barato para o pa&iacute;s num longo prazo.<\/div>\n<div>Uma outra discuss&atilde;o que temos que fazer com os estados, &eacute; sobre o custo do ICMS na energia, que &eacute; um dos mais altos, n&oacute;s temos estados com al&iacute;quotas muito altas para energia el&eacute;trica, ent&atilde;o &eacute; claro que eu espero nessa condi&ccedil;&atilde;o que n&oacute;s vamos ter, sobre essa discuss&atilde;o tribut&aacute;ria que a presidenta quer levar ao Congresso Nacional.<\/div>\n<div>Vamos discutir uma proposta para a revis&atilde;o das al&iacute;quotas interestaduais de energia, para que a gente possa ter uma conversa com os estados sobre isso, quanto isso custa para o povo, para o desenvolvimento econ&ocirc;mico.<\/div>\n<div>&nbsp;<\/div>\n<div>Enquanto senadora, a senhora cultivou uma rela&ccedil;&atilde;o muito pr&oacute;xima com os prefeitos do Paran&aacute;. Chegou a visitar muitas associa&ccedil;&otilde;es depois que foi eleita no Senado, fez negocia&ccedil;&otilde;es. E agora, como vai ser isso?<\/div>\n<div>&nbsp;<\/div>\n<div>Eu espero ter uma rela&ccedil;&atilde;o muito pr&oacute;xima com os prefeitos. Obviamente que agora fique um pouco mais dif&iacute;cil, porque como a minha fun&ccedil;&atilde;o na Casa Civil &eacute; interna, de governo, eu tenho que estar voltada para que a m&aacute;quina funcione para que os projetos andem e os programas aconte&ccedil;am, que me impedem de estar mais regularmente no Paran&aacute;.<\/div>\n<div>Eu tenho uma a&ccedil;&atilde;o mais interiorizada, ent&atilde;o, s&atilde;o muitas a&ccedil;&otilde;es, muito trabalho aqui e muitas conversas com ministros. Me sobra pouco tempo p que eu possa visitar munic&iacute;pios ou receber os prefeitos. Mas n&atilde;o quero perder esse v&iacute;nculo de maneira nenhuma, eu sei muito bem o que me trouxe a Bras&iacute;lia, eu fui eleita senadora porque tive o apoio do meu Estado e em especial dos prefeitos do meu Estado. Ent&atilde;o, no que eu puder ajud&aacute;-los no que eu puder orient&aacute;-los pra que os projetos sejam bem feitos pra que eles tenham propostas e o Governo Federal puder ajudar, eu vou fazer.<\/div>\n<div>&nbsp;<\/div>\n<div>A senhora tem projetos j&aacute; encaminhados como senadora, como o da aposentadoria das donas de casa. O seu suplente, Sergio Sousa vai dar continuidade?<\/div>\n<div>Eu conversei com o senador Sergio Souza e pedi a ele para ter um carinho muito especial para acompanhar os meus projetos. Principalmente esse das donas de casa, que j&aacute; foi aprovado no Senado e agora foi para a C&acirc;mara. E se for aprovado na C&acirc;mara, n&oacute;s temos que implementar.<\/div>\n<div>&nbsp;<\/div>\n<div>Falando da sua atua&ccedil;&atilde;o como senadora, das reuni&otilde;es com os prefeitos, a senhora poderia destacar alguns projetos?<\/div>\n<div>Eu fiz v&aacute;rias reuni&otilde;es com associa&ccedil;&otilde;es de prefeitos, at&eacute; porque eu achei que era a melhor forma de melhor poder ouvi-los e corresponder. E sempre dizia o seguinte: n&oacute;s temos que pensar al&eacute;m das quest&otilde;es municipais, tamb&eacute;m nos projetos de desenvolvimento regional.<\/div>\n<div>Na regi&atilde;o Noroeste, n&oacute;s constru&iacute;mos junto com as associa&ccedil;&otilde;es de prefeitos e lideran&ccedil;as da sociedade, um projeto muito interessante que est&aacute; a cargo da orienta&ccedil;&atilde;o do Banco do Brasil e se chama Arenito Caiu&aacute;, que &eacute; um programa de desenvolvimento da economia regional com foco em algumas &aacute;reas, fruticultura, mandioca, bovinocultura, frango. S&atilde;o quest&otilde;es que j&aacute; est&atilde;o sendo produzidas naquela regi&atilde;o, mas que se n&oacute;s tivermos est&iacute;mulos e organizarmos a cadeia produtiva e a cadeia de comercializa&ccedil;&atilde;o e consumo, isso poder&aacute; ter uma a&ccedil;&atilde;o muito mais efetiva, beneficiando todos os munic&iacute;pios. Atinge mais de 100 munic&iacute;pios lan&ccedil;amos l&aacute;, inclusive junto com o ex-senador, Osmar Dias, que &eacute; o vice-presidente de Agroneg&oacute;cio do BB e todas as ag&ecirc;ncias est&atilde;o muito empenhadas e o governo est&aacute; observando.<\/div>\n<div>&nbsp;<\/div>\n<div>Ent&atilde;o todo esse projeto se trata de uma organiza&ccedil;&atilde;o da cadeia produtiva?<\/div>\n<div>Sim. &Eacute; a organiza&ccedil;&atilde;o da cadeia produtiva, nesses produtos que eu listei, e tamb&eacute;m na cadeia de consumo. Ent&atilde;o a&iacute; tem cr&eacute;dito mais barato, assist&ecirc;ncia t&eacute;cnica, recupera&ccedil;&atilde;o de terra, uma s&eacute;rie de coisas, entre a prefeitura, entre o Governo Estadual e o Governo federal. Ent&atilde;o isso d&aacute; sustentabilidade pra regi&atilde;o. Claro que todos os outros programas do governo v&atilde;o continuar, vai ter Pronaf, o Bolsa Fam&iacute;lia, todos os programas, mas essa organiza&ccedil;&atilde;o econ&ocirc;mica d&aacute; sustentabilidade.<\/div>\n<div>E na quest&atilde;o do Sudoeste, n&oacute;s fizemos algo parecido, mas com muito foco na Bacia Leiteira, o Sudoeste &eacute; a regi&atilde;o do Paran&aacute; com maior produ&ccedil;&atilde;o de leite do estado e a segunda maior do Brasil, ent&atilde;o &eacute; muito importante n&oacute;s darmos sustenta&ccedil;&atilde;o. N&oacute;s pod&iacute;amos estar muito mais avan&ccedil;ados, mas n&oacute;s temos problemas l&aacute;, de matrizes, de pasto, de vacina&ccedil;&atilde;o, de articula&ccedil;&atilde;o entre os produtores, armazenamento, de venda, a qualidade do leite. Ent&atilde;o o que n&oacute;s discutimos a&iacute; incluindo o BNDES e o BB, tamb&eacute;m.<\/div>\n<div>O projeto da Bacia Leiteira deve ser lan&ccedil;ado agora em julho ou agosto. O Osmar Dias tamb&eacute;m est&aacute; &agrave; frente, e a id&eacute;ia &eacute; um cr&eacute;dito mais barato, subsidiado, principalmente com foco em matrizes, melhoria do rebanho, melhoria de pastagem, acompanhamento pra melhorar a qualidade do leite e melhorar o pre&ccedil;o para o produtor, mas tamb&eacute;m para agregar valor. N&oacute;s n&atilde;o queremos que o Sudoeste produza leite, n&oacute;s queremos que o Sudoeste produza queijo. E tem condi&ccedil;&otilde;es de fazer isso, bons queijos e bons derivados do leite. Ent&atilde;o, o projeto que est&aacute; sendo montado com o BNDES, inclusive com recursos a fundo perdido serve para capacitar o nosso produtor pra al&eacute;m do leite, produzir seus derivados.<\/div>\n<div>&nbsp;<\/div>\n<div>No litoral, temos o pr&eacute;-sal. &Eacute; por a&iacute;?<\/div>\n<div>&Eacute; por a&iacute;. Temos o pr&eacute;-sal, com uma capacidade de investimento grande. A gente j&aacute; tem conversado com a Petrobras sobre isso, n&oacute;s queremos plataformas l&aacute; tamb&eacute;m, para constru&ccedil;&atilde;o de embarca&ccedil;&otilde;es do pr&eacute;-sal. Estamos conversando, junto com o Governo do Estado, com v&aacute;rias empresas da iniciativa privada e a Petrobras tem orientado. Queremos um estaleiro no Paran&aacute; e temos feito v&aacute;rias a&ccedil;&otilde;es no governo pra ajudar isso a acontecer, desde acompanhamento de licen&ccedil;a, e, problemas que tinham, relativos &agrave; &aacute;rea de Marinha e a Petrobras est&aacute; nos orientando.<\/div>\n<div>N&oacute;s vamos gerar no litoral mais de 3 mil empregos diretos. Isso &eacute; um impacto muito grande, al&eacute;m claro, da moderniza&ccedil;&atilde;o do Porto de Paranagu&aacute;, em conjunto com o Governo do Estado, um porto de passageiros &eacute; o que n&oacute;s queremos.<\/div>\n<div>Temos, no &acirc;mbito do PAC e do Governo Federal, uma s&eacute;rie de iniciativas que, tendo resposta do Governo do Estado e dos munic&iacute;pios, temos condi&ccedil;&atilde;o de avan&ccedil;ar bastante.<\/div>\n<div>&nbsp;<\/div>\n<div>A senhora falou bastante dos programas que ap&oacute;ia que s&atilde;o subsidiado pelo PAC. E o que o Paran&aacute; pode esperar do PAC 2?<\/div>\n<div>Muita coisa. N&oacute;s temos o &ldquo;Minha Casa, Minha Vida&rdquo;, que faz parte desse arcabou&ccedil;o do PAC que vai ser aberto para que os munic&iacute;pios inscrevam seus projetos. E eu espero que tendo bons projetos a gente consiga direcionar bastante recursos ao Paran&aacute; pra fazer moradias, que &eacute; uma das coisas que n&oacute;s mais precisamos.<\/div>\n<div>Temos R$3 bilh&otilde;es de investimentos em rodovias, tem a Ferroeste que n&oacute;s estamos investindo, a quest&atilde;o do porto, para a Copa, todo um investimento direcionado para mobilidade urbana, principalmente Curitiba e nos aeroportos que v&atilde;o servir de base, como &eacute; o caso de Foz do Igua&ccedil;u.&nbsp;<\/div>\n<div>Al&eacute;m disso tem o PAC geral, a quest&atilde;o de investimentos na capital para melhorar a mobilidade, como &eacute; o metr&ocirc; e estamos come&ccedil;ando a discutir novamente o contorno ferrovi&aacute;rio. &Eacute; um conjunto de a&ccedil;&otilde;es que n&oacute;s queremos fazer, que est&atilde;o previstas no PAC e que precisamos dar as devidas correspond&ecirc;ncias, coisas que precisam de projetos.<\/div>\n<div>N&oacute;s vamos ter um grande investimento na &aacute;rea do saneamento, o PAC Funasa, principalmente para os pequenos munic&iacute;pios, por que &eacute; um problema grande, mas n&oacute;s sabemos que temos problemas de projeto, ent&atilde;o, se n&atilde;o tiver um projeto bem feito, &eacute; dif&iacute;cil voc&ecirc; retirar o recurso. Ent&atilde;o no PAC 2, n&oacute;s vamos ter dinheiro tamb&eacute;m para a realiza&ccedil;&atilde;o de projetos. Assim, os munic&iacute;pios que tiverem alguma dificuldade de apresentar um projeto nessas &aacute;reas, seja de saneamento, seja de investimento em infra-estrutura urbana, v&atilde;o poder antes recorrer a um recurso pra fazer projetos.<\/div>\n<div>&nbsp;<\/div>\n<div>A senhora citou os aeroportos. O que o governo planeja em rela&ccedil;&atilde;o aos aeroportos do Paran&aacute;?<\/div>\n<div>N&oacute;s temos dois focos principais agora por causa da Copa, que s&atilde;o os aeroportos de Curitiba e o de Foz do Igua&ccedil;u. Curitiba, n&oacute;s temos a inten&ccedil;&atilde;o de fazer uma pista adicional, mas n&oacute;s temos alguns problemas locais, n&atilde;o houve ainda a desapropria&ccedil;&atilde;o da &aacute;reas, o Governo do Estado precisa desapropriar as fam&iacute;lias, retirar do local pra poder investir. Est&atilde;o previstos pra isso R$ 310 milh&otilde;es, para S&atilde;o Jos&eacute; dos Pinhais, que atende Curitiba. A outra, s&atilde;o investimentos de quase R$80 milh&otilde;es para melhorias de infra-estrutura no aeroporto, em terminais de cargas, de passageiros, melhorias de pista, de estacionamento. Isso j&aacute; come&ccedil;ou a ser feito e para a Copa, n&oacute;s vamos ter esse aeroporto condizente com a necessidade.<\/div>\n<div>E em Foz do Igua&ccedil;u, n&oacute;s temos duas a&ccedil;&otilde;es, a primeira &eacute; um investimento de R$ 30 milh&otilde;es da Infraero e j&aacute; come&ccedil;aram os processos de licita&ccedil;&atilde;o para aumentar a capacidade de passageiros, melhorar a situa&ccedil;&atilde;o de embarque e desembarque, adequa&ccedil;&otilde;es de pista. Estamos discutindo no &acirc;mbito do governo federal, tamb&eacute;m, a possibilidade de o aeroporto de Foz do Igua&ccedil;u ser uma concess&atilde;o, como est&aacute; se estudando agora para Guarulhos e alguns outros aeroportos, para melhorar a situa&ccedil;&atilde;o dos investimentos, para melhorar.<\/div>\n<div>Talvez n&atilde;o seja nessa primeira fase, talvez na segunda fase, mas o aeroporto de Foz &eacute; um forte candidato &agrave; concess&atilde;o. A&iacute; ele se tornaria um dos grandes aeroportos do Brasil, primeiro pelo fluxo, que tem a&iacute; 24, 26 v&ocirc;os di&aacute;rios, j&aacute;, mas &eacute; um local estrat&eacute;gico, porta do Mercosul, tr&iacute;plice fronteira, um aeroporto que, se tiver investimento, vai ser um aeroporto important&iacute;ssimo para o pa&iacute;s.<\/div>\n<div>&nbsp;<\/div>\n<div>E sobre a transi&ccedil;&atilde;o Senado-Casa Civil? Era algo que a senhora n&atilde;o esperava, como est&aacute; sendo lidar com isso?<\/div>\n<div>&Eacute; uma fase de diagn&oacute;stico e depois de aprendizagem, porque embora eu acompanhasse os programas de governo, eu via de fora e n&atilde;o envolvida na execu&ccedil;&atilde;o. Ent&atilde;o eu estou fazendo muitas reuni&otilde;es com os ministros, com as equipes. Eu credito que ainda tenha um tempo pra me adaptar aqui. Eu sa&iacute; do Senado e j&aacute; vim parar no meio do cora&ccedil;&atilde;o do governo, porque quase tudo passa pela Casa Civil. Por isso &eacute; &oacute;bvio que eu vou precisar de um tempo um pouquinho maior para poder fazer essa adapta&ccedil;&atilde;o.<\/div>\n<div>A transi&ccedil;&atilde;o foi o que foi. Ela n&atilde;o foi planejada, ela aconteceu de uma hora para a outra. Eu simplesmente repassei o Senado para o Sergio Sousa e assumi o posto aqui, j&aacute; com uma s&eacute;rie de quest&otilde;es andando, mas tenho certeza de que vou ter apoio de todos os minist&eacute;rios. A gente tem que se esfor&ccedil;ar muito pra que as coisas aconte&ccedil;am.<\/div>\n<div>&nbsp;<\/div>\n<div>Em rela&ccedil;&atilde;o ao governo Lula, que era mais pol&iacute;tico e o da presidenta Dilma, que &eacute; mais t&eacute;cnico, onde a senhora se encaixa? Qual &eacute; o seu perfil dentre esses dois contextos?<\/div>\n<div>Eu gosto dos dois estilos de governo, o presidente Lula foi fundamental para o pa&iacute;s porque trouxe interlocu&ccedil;&atilde;o direta com a popula&ccedil;&atilde;o, colocou o Planalto aberto ao povo, disse que teria que ter projetos que pudessem realmente melhorar a vida do povo brasileiro. Ele fez um corte do que vinha acontecendo e devolveu ao povo sua dignidade e auto-estima.<\/div>\n<div>O governo da presidenta Dilma precisa, muito mais, qualificar as interven&ccedil;&otilde;es do governo, &eacute; como se a gente tivesse vencido uma fase muito emergencial de um pa&iacute;s que estava desestruturado e o presidente Lula iniciou. Agora, daqui para frente, n&oacute;s precisamos qualificar cada projeto, cada programa, porque o Brasil est&aacute; se tornando grandioso vai ser logo a quinta economia mundial.<\/div>\n<div>Vivemos um amplo processo de inclus&atilde;o, a nossa realidade macroecon&ocirc;mica est&aacute; muito s&oacute;lida, ent&atilde;o, as exig&ecirc;ncias do momento s&atilde;o outras e por isso, eu acho que o perfil da presidenta Dilma &eacute; adequado a esse momento.<\/div>\n<div>&nbsp;<\/div>\n<div>Em rela&ccedil;&atilde;o ao combate &agrave; mis&eacute;ria, que &eacute; a bandeira da presidenta Dilma, o Paran&aacute; &eacute; considerado um estado rico do ponto de vista produtivo. Qual experi&ecirc;ncia a senhora como paranaense pode trazer para c&aacute;, para a Casa Civil?<\/div>\n<div>Na verdade somos vistos como um Estado rico, mas n&oacute;s temos muitos problemas. Se voc&ecirc; pegar regi&otilde;es como no Norte Velho, a Regi&atilde;o Metropolitana de Curitiba, mais afastada, uma faixa do Noroeste, onde estamos levando programas, n&oacute;s temos um &Iacute;ndice de Desenvolvimento Humano muito baixo e que precisa ter est&iacute;mulo para que a gente possa recuperar essas regi&otilde;es.<\/div>\n<div>Ent&atilde;o, com certeza, esse olhar na hora de discutir os programas, definir as prioridades, de estar junto com a presidenta, com a ministra Miriam Belchior, que &eacute; gestora do PAC, esse &eacute; um olhar que eu quero trazer e vai ajudar a melhorar a situa&ccedil;&atilde;o e tornar de fato um Estado rico. Porque como diz a presidenta e &eacute; slogan de governo, &ldquo;um pa&iacute;s rico &eacute; um pa&iacute;s sem mis&eacute;ria&rdquo;.<\/div>\n<div>&nbsp;<\/div>\n<div>A senhora se tornou uma grande lideran&ccedil;a pol&iacute;tica no Paran&aacute;, teve mais votos do que o governador. Isso quer dizer que podemos esperar alian&ccedil;as em 2012 e seu nome nas urnas em 2014?<\/div>\n<div>N&atilde;o, n&atilde;o estou aqui para me projetar. Quando eu estava no Senado me perguntavam se eu queria ser candidata a governadora e eu dizia que quando voc&ecirc; est&aacute; na vida p&uacute;blica, eleitoral, voc&ecirc; n&atilde;o pode tirar uma perspectiva da sua frente. Assim como fui candidata ao Senado e me elegi, eu posso ser candidata ao governo e me eleger, mas o meu foco n&atilde;o &eacute; esse, o meu foco &eacute; ajudar a presidenta Dilma aqui na Casa Civil. &Eacute; ajud&aacute;-la a fazer com que os projetos e os programas se concretizem e que a gente continue fazendo com que o Brasil avance.<\/div>\n<div>&nbsp;<\/div>\n<div>E qual &eacute; a an&aacute;lise da senhora do trio Gleisi, Dilma e Ideli, as tr&ecirc;s mulheres nos cargos mais importantes do pa&iacute;s?<\/div>\n<div>Foi uma surpresa para o Brasil, n&oacute;s n&atilde;o temos nenhum pa&iacute;s que tenha tantas mulheres em um n&uacute;cleo de governo, no n&uacute;cleo de poder. Todas n&oacute;s entendemos o poder como um servi&ccedil;o. N&atilde;o &eacute; um poder que nos afeta. N&oacute;s vemos a situa&ccedil;&atilde;o como um exerc&iacute;cio daquilo que n&oacute;s podemos fazer, &eacute; um exerc&iacute;cio do servi&ccedil;o que n&oacute;s podemos prestar ao pa&iacute;s, &eacute; isso que nos une.<\/div>\n<div>&nbsp;<\/div>\n<div>Vamos falar alguns nomes da pol&iacute;tica do Paran&aacute; e a senhora resume em uma frase.<\/div>\n<div>Perigoso isso, uma avalia&ccedil;&atilde;o, um julgamento, mas vamos.<\/div>\n<div>&nbsp;<\/div>\n<div>Osmar Dias&nbsp;<\/div>\n<div>Grande companheiro que eu tive o prazer de conviver durante a campanha. &Eacute; um homem muito s&eacute;rio, muito trabalhador. E com certeza vai colaborar muito com o Governo Federal aonde est&aacute;.<\/div>\n<div>&nbsp;<\/div>\n<div>Roberto Requi&atilde;o&nbsp;<\/div>\n<div>Nosso governador por tr&ecirc;s mandatos, um homem que tem uma caminhada pol&iacute;tica intensa no Paran&aacute;. Firme nos seus prop&oacute;sitos, muitas vezes agressivo nas suas id&eacute;ias, o que o torna deveras pol&ecirc;mico e eu acho que cumpriu um ciclo muito importante na pol&iacute;tica paranaense.<\/div>\n<div>&nbsp;<\/div>\n<div>Rafael Greca<\/div>\n<div>O Rafael &eacute; uma alegria. &Eacute; um homem muito inteligente, capacitado e sempre quando converso com ele aprendo muito com o nosso ex-deputado.<\/div>\n<div>&nbsp;<\/div>\n<div>Jaime Lerner<\/div>\n<div>Refer&ecirc;ncia em desenvolvimento urbano. Marcou a cidade de Curitiba para o Brasil e para o mundo. Infelizmente, em rela&ccedil;&atilde;o ao Governo do Estado n&atilde;o conseguiu levar esse prop&oacute;sito. Mas &eacute; um urbanista e um profissional de grande qualidade a quem respeito muito.<\/div>\n<div>&nbsp;<\/div>\n<div>Beto Richa<\/div>\n<div>Governador do Estado, foi prefeito da capital Est&aacute; iniciando o mandato e eu desejo muita sorte e que fa&ccedil;a o melhor para Paran&aacute;.<\/div>\n<div>&nbsp;<\/div>\n<div>Por &uacute;ltimo, ministra, um recado seu ao povo do Paran&aacute;:<\/div>\n<div>Muita gratid&atilde;o, pela minha elei&ccedil;&atilde;o no Senado, por acreditar em mim. Carinho e gratid&atilde;o pela comemora&ccedil;&atilde;o pela indica&ccedil;&atilde;o na Casa Civil. Espero sinceramente, mais do que orgulhar o Estado do Paran&aacute;, prestar um bom servi&ccedil;o ao Paran&aacute; e ao Brasil. E dizer que n&atilde;o esque&ccedil;o de onde eu vim, eu estou aqui, mas estou de olho no meu Estado, em todas as regi&otilde;es e quero ajudar muito o Paran&aacute;. Fui eleita senadora para defender meu estado na Federa&ccedil;&atilde;o, vou continuar a defender e defender o crescimento do Brasil.&rdquo;<\/div>\n<div>&nbsp;<\/div>\n","protected":false},"excerpt":{"rendered":"<p>A ministra da Casa Civil Gleisi Hoffmann concedeu, no final de semana, uma extensa entrevista \u00e0 jornalista Cristiane Ferreira, da Rede Di\u00e1rios do Paran\u00e1. <\/p>\n<p>Entre os destaques citados por Gleisi est\u00e3o as prioridades do Governo Federal para garantir melhorias nos aeroportos de Foz do Igua\u00e7u e Curitiba, para a Copa do Mundo de Futebol de 2014, que ter\u00e1 o Paran\u00e1 como uma das subsedes da competi\u00e7\u00e3o.<\/p>\n","protected":false},"author":1,"featured_media":30046,"comment_status":"open","ping_status":"open","sticky":false,"template":"","format":"standard","meta":{"footnotes":""},"categories":[1],"tags":[7203,7204],"class_list":["post-30047","post","type-post","status-publish","format-standard","has-post-thumbnail","hentry","category-noticias-zeca-dirceu","tag-aeroportos-de-curitiba-e-foz-do-iguacu-sao-prioridades","tag-diz-gleisi"],"_links":{"self":[{"href":"https:\/\/teste.bsb.br\/zeca\/wp-json\/wp\/v2\/posts\/30047","targetHints":{"allow":["GET"]}}],"collection":[{"href":"https:\/\/teste.bsb.br\/zeca\/wp-json\/wp\/v2\/posts"}],"about":[{"href":"https:\/\/teste.bsb.br\/zeca\/wp-json\/wp\/v2\/types\/post"}],"author":[{"embeddable":true,"href":"https:\/\/teste.bsb.br\/zeca\/wp-json\/wp\/v2\/users\/1"}],"replies":[{"embeddable":true,"href":"https:\/\/teste.bsb.br\/zeca\/wp-json\/wp\/v2\/comments?post=30047"}],"version-history":[{"count":0,"href":"https:\/\/teste.bsb.br\/zeca\/wp-json\/wp\/v2\/posts\/30047\/revisions"}],"wp:featuredmedia":[{"embeddable":true,"href":"https:\/\/teste.bsb.br\/zeca\/wp-json\/wp\/v2\/media\/30046"}],"wp:attachment":[{"href":"https:\/\/teste.bsb.br\/zeca\/wp-json\/wp\/v2\/media?parent=30047"}],"wp:term":[{"taxonomy":"category","embeddable":true,"href":"https:\/\/teste.bsb.br\/zeca\/wp-json\/wp\/v2\/categories?post=30047"},{"taxonomy":"post_tag","embeddable":true,"href":"https:\/\/teste.bsb.br\/zeca\/wp-json\/wp\/v2\/tags?post=30047"}],"curies":[{"name":"wp","href":"https:\/\/api.w.org\/{rel}","templated":true}]}}