{"id":29971,"date":"2011-06-29T00:00:00","date_gmt":"2011-06-29T03:00:00","guid":{"rendered":"https:\/\/www.zecadirceu.com.br\/visita-de-dilma-ao-noroeste-e-adiada-para-o-final-do-ano\/"},"modified":"2011-06-29T00:00:00","modified_gmt":"2011-06-29T03:00:00","slug":"visita-de-dilma-ao-noroeste-e-adiada-para-o-final-do-ano","status":"publish","type":"post","link":"https:\/\/teste.bsb.br\/zeca\/visita-de-dilma-ao-noroeste-e-adiada-para-o-final-do-ano\/","title":{"rendered":"Visita de Dilma ao Noroeste \u00e9 adiada para o final do ano"},"content":{"rendered":"<p>&nbsp;A visita da presidenta Dilma Rousseff ao Noroeste do Paran&aacute;, que aconteceria nesta sexta-feira, 1&ordm; de julho, foi adiada para final do ano, provavelmente no m&ecirc;s de outubro. A decis&atilde;o foi anunciada pelo cerimonial da Presid&ecirc;ncia da Rep&uacute;blica ao deputado federal Zeca Dirceu (PT-PR) no in&iacute;cio da tarde desta quarta-feira, 29.<\/p>\n<p>Dilma estaria em Cruzeiro do Oeste na sexta-feira para assinar a Ordem de Servi&ccedil;o para a pavimenta&ccedil;&atilde;o da BR-487 (Estrada Boiadeira). Na mesma data, em Francisco Beltr&atilde;o, a presidenta far&aacute; o lan&ccedil;amento nacional do Plano Safra 2011-2012. <\/p>\n<p>Segundo o cerimonial da Presid&ecirc;ncia, a necessidade da ida a Francisco Beltr&atilde;o, bem como limita&ccedil;&otilde;es no aeroporto de Umuarama para o pouso do avi&atilde;o presidencial e a log&iacute;stica muito ampla para um deslocamento de helic&oacute;ptero entre Maring&aacute; e Cruzeiro do Oeste impediram a vinda neste momento.<\/p>\n<p>&ldquo;Mas a pr&oacute;pria presidenta me ligou dias atr&aacute;s, para me cumprimentar pelo meu anivers&aacute;rio, e garantiu que vir&aacute; visitar o Noroeste em outra oportunidade&rdquo;, disse o deputado Zeca Dirceu. Segundo o parlamentar, a presidenta sabe do tamanho dos obst&aacute;culos e do esfor&ccedil;o que foi feito para que agora a obra pudesse ser iniciada, e por isso faz quest&atilde;o de visitar a regi&atilde;o para contemplar o trabalho realizado.<\/p>\n<p>Apesar da transfer&ecirc;ncia de agenda da presidenta, o Departamento Nacional de Infraestrutura de Transportes (DNIT) confirmou a assinatura da Ordem de Servi&ccedil;o da Boiadeira na semana que vem. &ldquo;Havia na cidade uma grande expectativa e entusiasmo com a possibilidade da vinda da presidenta, mas a obra tamb&eacute;m &eacute; muito importante e aguardada h&aacute; muito tempo, por isso faremos um grande evento e uma grande festa para receber o ministro Alfredo Nascimento nos pr&oacute;ximos dias&rdquo;, disse o prefeito Valter Rocha, o Valtinho, de Cruzeiro do Oeste.<\/p>\n<p>Em entrevista concedida no &uacute;ltimo final de semana, a ministra-chefe da Casa Civil, Gleisi Hoffmann, tamb&eacute;m destacou a import&acirc;ncia da Boiadeira para escoar a produ&ccedil;&atilde;o agr&iacute;cola de toda a regi&atilde;o. &quot;S&atilde;o 250 quil&ocirc;metros e R$ 500 milh&otilde;es em investimentos do Governo Federal&quot;, destacou Gleisi.<br \/>\n<strong>&nbsp;<br \/>\nOutros lotes<br \/>\n<\/strong><br \/>\nEm reuni&atilde;o com o ministro dos Transportes, Alfredo Nascimento, Zeca recebeu a informa&ccedil;&atilde;o de que aproximadamente entre outubro e novembro haver&aacute; condi&ccedil;&otilde;es para assinar a Ordem de Servi&ccedil;o da pavimenta&ccedil;&atilde;o de outro trecho da BR-487, desta vez entre Nova Bras&iacute;lia e Tuneiras do Oeste, evento que deve contar com a presen&ccedil;a da presidenta Dilma.<\/p>\n<p>Este trecho corresponde ao Lote 2 da obra completa, e tem 20 quil&ocirc;metros de extens&atilde;o. O processo de an&aacute;lise da documenta&ccedil;&atilde;o est&aacute; em fase final no DNIT, em Bras&iacute;lia, e a obra deve entrar em licita&ccedil;&atilde;o na semana que vem.<\/p>\n<p>A Estrada Boiadeira conta ainda com outros dois lotes &ndash; 1A e 2A &ndash;, que compreendem o trecho entre Cruzeiro do Oeste e Porto Camargo, num total de 86 quil&ocirc;metros. Estes processos est&atilde;o em an&aacute;lise pelo DNIT e existe a expectativa de que, ainda neste ano, sejam colocados em licita&ccedil;&atilde;o.<br \/>\n<strong><br \/>\n(Assessoria de Imprensa Zeca Dirceu)<br \/>\n<\/strong><\/p>\n","protected":false},"excerpt":{"rendered":"<p>A visita da presidenta Dilma Rousseff ao Noroeste do Paran\u00e1, que aconteceria nesta sexta-feira, 1\u00ba de julho, foi adiada para final do ano, provavelmente no m\u00eas de outubro. <\/p>\n<p>A decis\u00e3o foi anunciada pelo cerimonial da Presid\u00eancia da Rep\u00fablica ao deputado federal Zeca Dirceu (PT-PR) no in\u00edcio da tarde desta quarta-feira, 29.<\/p>\n<p>(Assessoria Zeca Dirce)<\/p>\n","protected":false},"author":1,"featured_media":29970,"comment_status":"open","ping_status":"open","sticky":false,"template":"","format":"standard","meta":{"footnotes":""},"categories":[1],"tags":[601,135,720],"class_list":["post-29971","post","type-post","status-publish","format-standard","has-post-thumbnail","hentry","category-noticias-zeca-dirceu","tag-dilma","tag-noroeste","tag-visita"],"_links":{"self":[{"href":"https:\/\/teste.bsb.br\/zeca\/wp-json\/wp\/v2\/posts\/29971","targetHints":{"allow":["GET"]}}],"collection":[{"href":"https:\/\/teste.bsb.br\/zeca\/wp-json\/wp\/v2\/posts"}],"about":[{"href":"https:\/\/teste.bsb.br\/zeca\/wp-json\/wp\/v2\/types\/post"}],"author":[{"embeddable":true,"href":"https:\/\/teste.bsb.br\/zeca\/wp-json\/wp\/v2\/users\/1"}],"replies":[{"embeddable":true,"href":"https:\/\/teste.bsb.br\/zeca\/wp-json\/wp\/v2\/comments?post=29971"}],"version-history":[{"count":0,"href":"https:\/\/teste.bsb.br\/zeca\/wp-json\/wp\/v2\/posts\/29971\/revisions"}],"wp:featuredmedia":[{"embeddable":true,"href":"https:\/\/teste.bsb.br\/zeca\/wp-json\/wp\/v2\/media\/29970"}],"wp:attachment":[{"href":"https:\/\/teste.bsb.br\/zeca\/wp-json\/wp\/v2\/media?parent=29971"}],"wp:term":[{"taxonomy":"category","embeddable":true,"href":"https:\/\/teste.bsb.br\/zeca\/wp-json\/wp\/v2\/categories?post=29971"},{"taxonomy":"post_tag","embeddable":true,"href":"https:\/\/teste.bsb.br\/zeca\/wp-json\/wp\/v2\/tags?post=29971"}],"curies":[{"name":"wp","href":"https:\/\/api.w.org\/{rel}","templated":true}]}}