{"id":29951,"date":"2011-06-30T00:00:00","date_gmt":"2011-06-30T03:00:00","guid":{"rendered":"https:\/\/www.zecadirceu.com.br\/pt-comeca-a-delinear-taticas-para-eleicoes-municipais-de-2012\/"},"modified":"2011-06-30T00:00:00","modified_gmt":"2011-06-30T03:00:00","slug":"pt-comeca-a-delinear-taticas-para-eleicoes-municipais-de-2012","status":"publish","type":"post","link":"https:\/\/teste.bsb.br\/zeca\/pt-comeca-a-delinear-taticas-para-eleicoes-municipais-de-2012\/","title":{"rendered":"PT come\u00e7a a delinear t\u00e1ticas para elei\u00e7\u00f5es municipais de 2012"},"content":{"rendered":"<p>O plano de trabalho do Diret&oacute;rio Nacional do PT para 2011 foi um dos principais temas da reuni&atilde;o da Executiva Nacional do partido realizada nesta ter&ccedil;a-feira (29). Na pauta constavam tamb&eacute;m outros t&oacute;picos, como a realiza&ccedil;&atilde;o do 4&ordm; Congresso Nacional e a reforma do estatuto do PT.<\/p>\n<p>Em rela&ccedil;&atilde;o &agrave;s elei&ccedil;&otilde;es municipais que ser&atilde;o realizadas no ano que vem, o secret&aacute;rio nacional de Organiza&ccedil;&atilde;o, Paulo Frateschi, explicou que haver&aacute; mudan&ccedil;as. &ldquo;Fizemos uma excelente discuss&atilde;o sobre a constru&ccedil;&atilde;o t&aacute;tica para as elei&ccedil;&otilde;es municipais de 2012, que &eacute; uma situa&ccedil;&atilde;o extremamente nova. N&atilde;o vamos continuar com a t&aacute;tica eleitoral de 2010 e, como diz o presidente Rui Falc&atilde;o, agora &eacute; tudo pelo PT. Atualmente estamos correndo o Brasil para ouvir, principalmente nas capitais onde h&aacute; mais de 250 mil eleitores e, com isso, possibilidade de 2&ordm; turno, ouvir a base e diret&oacute;rios para ajudar a compor essa t&aacute;tica eleitoral&rdquo; destacou Frateschi.<\/p>\n<p>De acordo com o secret&aacute;rio-geral nacional do partido, El&oacute;i Piet&aacute;, as diretrizes para o segundo semestre deste ano j&aacute; come&ccedil;aram a ser definidas nessa reuni&atilde;o. &ldquo;Al&eacute;m de tratar das quest&otilde;es de conjuntura pol&iacute;tica, econ&ocirc;mica e social do Brasil, tratamos tamb&eacute;m de temas importantes ao PT, como a reforma do estatuto do partido. N&oacute;s aprovamos as linhas gerais de a&ccedil;&atilde;o da Dire&ccedil;&atilde;o Nacional para o segundo semestre, nas diversas linhas de atua&ccedil;&atilde;o que o PT participa. Todas est&atilde;o no sentido do 4&ordm; Congresso do PT, que vai ter sua segunda fase realizada em Bras&iacute;lia, no in&iacute;cio de setembro&rdquo;, afirmou.<\/p>\n<p>A campanha de mobiliza&ccedil;&atilde;o pela Reforma Pol&iacute;tica e os movimentos sociais, tamb&eacute;m foram temas abordados durante a reuni&atilde;o. &ldquo;Vamos continuar o processo de mobiliza&ccedil;&atilde;o para a Reforma Pol&iacute;tica, continuaremos o di&aacute;logo com os parlamentares na C&acirc;mara Federal e no Senado, que tem sido uma a&ccedil;&atilde;o conjunta e unit&aacute;ria do partido, al&eacute;m dos di&aacute;logos com os movimentos sociais&rdquo; explicou Piet&aacute;.<\/p>\n<p>O Diret&oacute;rio Nacional do PT vai realizar, em agosto, sua reuni&atilde;o trimestral, que ser&aacute; no dia 5 na cidade do Rio de Janeiro. <\/p>\n<p><strong>(Site PT Nacional)<\/strong><\/p>\n","protected":false},"excerpt":{"rendered":"<p>O plano de trabalho do Diret\u00f3rio Nacional do PT para 2011 foi um dos principais temas da reuni\u00e3o da Executiva Nacional do partido realizada nesta ter\u00e7a-feira (29). <\/p>\n<p>Na pauta constavam tamb\u00e9m outros t\u00f3picos, como a realiza\u00e7\u00e3o do 4\u00ba Congresso Nacional e a reforma do estatuto do PT.<\/p>\n","protected":false},"author":1,"featured_media":29950,"comment_status":"open","ping_status":"open","sticky":false,"template":"","format":"standard","meta":{"footnotes":""},"categories":[1],"tags":[140,7174],"class_list":["post-29951","post","type-post","status-publish","format-standard","has-post-thumbnail","hentry","category-noticias-zeca-dirceu","tag-eleicoes","tag-pt-taticas"],"_links":{"self":[{"href":"https:\/\/teste.bsb.br\/zeca\/wp-json\/wp\/v2\/posts\/29951","targetHints":{"allow":["GET"]}}],"collection":[{"href":"https:\/\/teste.bsb.br\/zeca\/wp-json\/wp\/v2\/posts"}],"about":[{"href":"https:\/\/teste.bsb.br\/zeca\/wp-json\/wp\/v2\/types\/post"}],"author":[{"embeddable":true,"href":"https:\/\/teste.bsb.br\/zeca\/wp-json\/wp\/v2\/users\/1"}],"replies":[{"embeddable":true,"href":"https:\/\/teste.bsb.br\/zeca\/wp-json\/wp\/v2\/comments?post=29951"}],"version-history":[{"count":0,"href":"https:\/\/teste.bsb.br\/zeca\/wp-json\/wp\/v2\/posts\/29951\/revisions"}],"wp:featuredmedia":[{"embeddable":true,"href":"https:\/\/teste.bsb.br\/zeca\/wp-json\/wp\/v2\/media\/29950"}],"wp:attachment":[{"href":"https:\/\/teste.bsb.br\/zeca\/wp-json\/wp\/v2\/media?parent=29951"}],"wp:term":[{"taxonomy":"category","embeddable":true,"href":"https:\/\/teste.bsb.br\/zeca\/wp-json\/wp\/v2\/categories?post=29951"},{"taxonomy":"post_tag","embeddable":true,"href":"https:\/\/teste.bsb.br\/zeca\/wp-json\/wp\/v2\/tags?post=29951"}],"curies":[{"name":"wp","href":"https:\/\/api.w.org\/{rel}","templated":true}]}}