{"id":29933,"date":"2011-06-30T00:00:00","date_gmt":"2011-06-30T03:00:00","guid":{"rendered":"https:\/\/www.zecadirceu.com.br\/governo-investira-r-2-bilhoes-nas-bolsas-do-pronatec-diz-ministro\/"},"modified":"2011-06-30T00:00:00","modified_gmt":"2011-06-30T03:00:00","slug":"governo-investira-r-2-bilhoes-nas-bolsas-do-pronatec-diz-ministro","status":"publish","type":"post","link":"https:\/\/teste.bsb.br\/zeca\/governo-investira-r-2-bilhoes-nas-bolsas-do-pronatec-diz-ministro\/","title":{"rendered":"Governo investir\u00e1 R$ 2 bilh\u00f5es nas bolsas do Pronatec, diz ministro"},"content":{"rendered":"<p>O ministro da Educa&ccedil;&atilde;o, Fernando Haddad, disse nesta quarta-feira que poder&atilde;o ser destinados R$ 2 bilh&otilde;es na oferta de bolsas-forma&ccedil;&atilde;o para alunos do ensino profissionalizante at&eacute; 2012. Para isso, &eacute; preciso que o projeto seja aprovado este ano pelo Congresso.<\/p>\n<p>O projeto do&nbsp;Programa Nacional de Acesso ao Ensino T&eacute;cnico e Emprego&nbsp;&nbsp;(Pronatec), que dever&aacute; atender at&eacute; 8 milh&otilde;es de pessoas at&eacute; 2014, prev&ecirc; oferta de bolsas aos estudantes, garantia de financiamento na rede privada de ensino e expans&atilde;o das vagas em escolas p&uacute;blicas. O texto tramita em regime de urg&ecirc;ncia constitucional e tranca a pauta do Plen&aacute;rio.<\/p>\n<p>Em raz&atilde;o desse regime de tramita&ccedil;&atilde;o, est&aacute; sendo analisado simultaneamente por quatro comiss&otilde;es, apesar de j&aacute; estar na pauta do Plen&aacute;rio. Segundo a presidente da Comiss&atilde;o de Educa&ccedil;&atilde;o, deputada F&aacute;tima Bezerra (PT-RN), &eacute; prov&aacute;vel que o texto seja apreciado apenas em agosto.<\/p>\n<p>O objetivo do programa, segundo Haddad, &eacute; garantir educa&ccedil;&atilde;o de tempo integral aos jovens que frequentam o ensino m&eacute;dio, com o cumprimento do curr&iacute;culo normal somado ao ensino de uma profiss&atilde;o em outro per&iacute;odo. A ideia &eacute; que as bolsas cubram todos os custos referentes ao curso, al&eacute;m dos valores necess&aacute;rios para transporte e alimenta&ccedil;&atilde;o dos estudantes.<\/p>\n<p>No caso dos alunos que frequentam cursos estaduais, municipais ou do Sistema S, a Uni&atilde;o poder&aacute; transferir diretamente as bolsas &agrave;s escolas, sem necessidade de conv&ecirc;nio ou contrato. Os valores das bolsas e os crit&eacute;rios de distribui&ccedil;&atilde;o dos benef&iacute;cios ainda ser&atilde;o definidos pelo Executivo federal.<\/p>\n<p>Duplica&ccedil;&atilde;o at&eacute; 2015<br \/>\nSegundo o ministro, o Pronatec poder&aacute; antecipar em cinco anos &ndash; de 2020 para 2015 &ndash; o cumprimento da meta de duplica&ccedil;&atilde;o das matr&iacute;culas no ensino m&eacute;dio profissionalizante, prevista na proposta que cria o Plano Nacional de Educa&ccedil;&atilde;o para o per&iacute;odo de 2011\/2020 (PNE &#8211; PL 8035\/10).<\/p>\n<p>O programa, informou, poder&aacute; ser implementado logo no segundo semestre deste ano. &ldquo;Em raz&atilde;o disso, ser&aacute; poss&iacute;vel avan&ccedil;armos mais nessa meta do PNE, j&aacute; que em 2020 o n&uacute;mero de matr&iacute;culas poder&aacute; ser mais que duplicado&rdquo;, disse. O Pronatec, afirmou, transforma uma iniciativa do Executivo em diretriz de Estado e consolida uma pol&iacute;tica iniciada no Governo Lula de expans&atilde;o da rede federal de ensino profissionalizante. Na &eacute;poca, de acordo com Haddad, foram inauguradas 214 escolas t&eacute;cnicas. O objetivo do Governo Dilma &eacute; inaugurar outras 200 unidades at&eacute; 2014.<\/p>\n<p>O debate foi proposto pelo deputado Biffi (PT-MS), que relata a proposta na comiss&atilde;o. Tamb&eacute;m participaram da discuss&atilde;o os relatores do projeto nas outras tr&ecirc;s comiss&otilde;es em que ele tramita: deputados Alex Canziani (PTB-PR), pela Comiss&atilde;o de Trabalho, Administra&ccedil;&atilde;o e Servi&ccedil;o P&uacute;blico; J&uacute;nior Coimbra (PMDB-TO), pela Comiss&atilde;o de Finan&ccedil;as e Tributa&ccedil;&atilde;o; e Jorginho Mello (PSDB-SC), pela Comiss&atilde;o de Constitui&ccedil;&atilde;o e Justi&ccedil;a e de Cidadania.<\/p>\n<p>Bolsas <br \/>\nPela proposta, as bolsas ser&atilde;o concedidas aos estudantes matriculados em cursos de forma&ccedil;&atilde;o profissional t&eacute;cnica de n&iacute;vel m&eacute;dio e aos trabalhadores e benefici&aacute;rios de programas de transfer&ecirc;ncia de renda, como o Bolsa Fam&iacute;lia, que frequentem cursos de qualifica&ccedil;&atilde;o com dura&ccedil;&atilde;o de pelo menos 160 horas.<\/p>\n<p>O texto tamb&eacute;m prev&ecirc; a amplia&ccedil;&atilde;o da concess&atilde;o de financiamento para cursos de n&iacute;vel m&eacute;dio profissionalizantes privados por meio do Fies. Para essas duas a&ccedil;&otilde;es, a previs&atilde;o de gasto no primeiro ano &eacute; de R$ 700 milh&otilde;es e R$ 300 milh&otilde;es, respectivamente. O deputado Biffi j&aacute; adiantou que considera esses valores insuficientes.<\/p>\n<p>&nbsp;<\/p>\n","protected":false},"excerpt":{"rendered":"<p>O ministro da Educa\u00e7\u00e3o, Fernando Haddad, disse nesta quarta-feira que poder\u00e3o ser destinados R$ 2 bilh\u00f5es na oferta de bolsas-forma\u00e7\u00e3o para alunos do ensino profissionalizante at\u00e9 2012. <\/p>\n<p>Para isso, \u00e9 preciso que o projeto seja aprovado este ano pelo Congresso. O projeto do Programa Nacional de Acesso ao Ensino T\u00e9cnico e Emprego (Pronatec), que dever\u00e1 atender at\u00e9 8 milh\u00f5es de pessoas at\u00e9 2014, prev\u00ea oferta de bolsas aos estudantes, garantia de financiamento na rede privada de ensino e expans\u00e3o das vagas em escolas p\u00fablicas<\/p>\n","protected":false},"author":1,"featured_media":29932,"comment_status":"open","ping_status":"open","sticky":false,"template":"","format":"standard","meta":{"footnotes":""},"categories":[1],"tags":[74,66,318],"class_list":["post-29933","post","type-post","status-publish","format-standard","has-post-thumbnail","hentry","category-noticias-zeca-dirceu","tag-governo","tag-investimento","tag-pronatec"],"_links":{"self":[{"href":"https:\/\/teste.bsb.br\/zeca\/wp-json\/wp\/v2\/posts\/29933","targetHints":{"allow":["GET"]}}],"collection":[{"href":"https:\/\/teste.bsb.br\/zeca\/wp-json\/wp\/v2\/posts"}],"about":[{"href":"https:\/\/teste.bsb.br\/zeca\/wp-json\/wp\/v2\/types\/post"}],"author":[{"embeddable":true,"href":"https:\/\/teste.bsb.br\/zeca\/wp-json\/wp\/v2\/users\/1"}],"replies":[{"embeddable":true,"href":"https:\/\/teste.bsb.br\/zeca\/wp-json\/wp\/v2\/comments?post=29933"}],"version-history":[{"count":0,"href":"https:\/\/teste.bsb.br\/zeca\/wp-json\/wp\/v2\/posts\/29933\/revisions"}],"wp:featuredmedia":[{"embeddable":true,"href":"https:\/\/teste.bsb.br\/zeca\/wp-json\/wp\/v2\/media\/29932"}],"wp:attachment":[{"href":"https:\/\/teste.bsb.br\/zeca\/wp-json\/wp\/v2\/media?parent=29933"}],"wp:term":[{"taxonomy":"category","embeddable":true,"href":"https:\/\/teste.bsb.br\/zeca\/wp-json\/wp\/v2\/categories?post=29933"},{"taxonomy":"post_tag","embeddable":true,"href":"https:\/\/teste.bsb.br\/zeca\/wp-json\/wp\/v2\/tags?post=29933"}],"curies":[{"name":"wp","href":"https:\/\/api.w.org\/{rel}","templated":true}]}}