{"id":29919,"date":"2011-07-01T00:00:00","date_gmt":"2011-07-01T03:00:00","guid":{"rendered":"https:\/\/www.zecadirceu.com.br\/gleisi-coordena-camara-de-gestao-da-saude-e-infraero\/"},"modified":"2011-07-01T00:00:00","modified_gmt":"2011-07-01T03:00:00","slug":"gleisi-coordena-camara-de-gestao-da-saude-e-infraero","status":"publish","type":"post","link":"https:\/\/teste.bsb.br\/zeca\/gleisi-coordena-camara-de-gestao-da-saude-e-infraero\/","title":{"rendered":"Gleisi coordena C\u00e2mara de Gest\u00e3o da S\u00e1ude e Infraero"},"content":{"rendered":"<p>A C&acirc;mara de Pol&iacute;ticas de Gest&atilde;o, Desempenho e Competitividade decidiu em reuni&atilde;o realizada nesta quarta-feira (29\/6) iniciar o processo de avalia&ccedil;&atilde;o, no pr&oacute;ximo m&ecirc;s, pelo Minist&eacute;rio da Sa&uacute;de e pela Empresa Brasileira de Infraestrutura Aeroportu&aacute;ria (Infraero). <\/p>\n<p>O an&uacute;ncio foi feito pela ministra-chefe da Casa Civil, Gleisi Hoffmann, e pelo empres&aacute;rio Jorge Gerdau, ap&oacute;s reuni&atilde;o com os integrantes da C&acirc;mara. Em entrevista, a ministra Gleisi explicou que a avalia&ccedil;&atilde;o nestes dois setores tem duas dimens&otilde;es. A primeira delas &eacute; a econ&ocirc;mica, uma vez que a pasta da Sa&uacute;de &eacute; uma das que mais recebe recursos da Uni&atilde;o, e o segundo fato diz respeito &agrave; presta&ccedil;&atilde;o de servi&ccedil;os aos cidad&atilde;os.<\/p>\n<p>&ldquo;O ministro Padilha &#91;Alexandre Padilha, ministro da Sa&uacute;de] pediu para que o seu minist&eacute;rio fosse um dos primeiros a serem avaliados. Ent&atilde;o, no in&iacute;cio do m&ecirc;s vamos nos reunir com ele para definirmos as prioridades&rdquo;, contou a ministra Gleisi.<\/p>\n<p>Uma outra delibera&ccedil;&atilde;o deste grupo de apoio &agrave; presidenta Dilma Rousseff &eacute; acompanhar os projetos com vistas &agrave; Copa do Mundo Fifa 2014. Segundo explicou a ministra, os integrantes da C&acirc;mara de Gest&atilde;o podem dar contribui&ccedil;&atilde;o ao Comit&ecirc; Gestor da Copa. Gleisi Hoffmann retomou tamb&eacute;m a quest&atilde;o dos aeroportos com o foco na qualidade do servi&ccedil;o prestado aos passageiros. Ela frisou que existe preocupa&ccedil;&atilde;o, por exemplo, com o tempo de restitui&ccedil;&atilde;o das bagagens.<\/p>\n<p>&ldquo;S&atilde;o quest&otilde;es pequenas do cotidiano dos aeroportos. Mas a Anac (Ag&ecirc;ncia Nacional de Avia&ccedil;&atilde;o Civil) vai atuar com bastante rigor, por exemplo, para que os voos normais n&atilde;o sejam substitu&iacute;dos por voos fretados (charters)&rdquo;, disse.<\/p>\n<p>Durante a entrevista, a ministra Gleisi foi indagada sobre o aporte de recursos do BNDES ao grupo P&atilde;o de A&ccedil;&uacute;car, de Ab&iacute;lio Diniz, numa opera&ccedil;&atilde;o de fus&atilde;o com a rede francesa Carrefour. O processo refere-se a ativos no Brasil. Gleisi assegurou que a opera&ccedil;&atilde;o do BNDESPar se enquadra numa a&ccedil;&atilde;o de mercado e cabe ao banco tratar deste assunto.<\/p>\n<p><strong>C&acirc;mara de Gest&atilde;o<br \/>\n<\/strong><br \/>\nCriada pela presidenta Dilma, a C&acirc;mara de Pol&iacute;ticas de Gest&atilde;o, Desempenho e Competitividade, est&aacute; vinculada ao Conselho de Governo da Presid&ecirc;ncia da Rep&uacute;blica. A c&acirc;mara &eacute; formada por empres&aacute;rios e ministros e vai assessorar o governo na gest&atilde;o p&uacute;blica. O objetivo &eacute; reduzir custos, racionalizar processos, aumentar a produtividade, otimizar sistemas de compras e os servi&ccedil;os prestados &agrave; sociedade.<\/p>\n<p>A C&acirc;mara tem quatro representantes da sociedade civil, com reconhecida experi&ecirc;ncia e lideran&ccedil;a nas &aacute;reas de gest&atilde;o e competitividade: o empres&aacute;rio Jorge Gerdau Johannpeter, (presidente do Conselho de Administra&ccedil;&atilde;o do Grupo Gerdau) presidir&aacute; a entidade. Os outros empres&aacute;rios s&atilde;o Ab&iacute;lio Diniz (dono da Companhia Brasileira de Distribui&ccedil;&atilde;o &#8212; redes P&atilde;o de A&ccedil;&uacute;car, Extra, CompreBem, Sendas e Ponto Frio); Ant&ocirc;nio Maciel Neto (presidente da Suzano Papel e Celulose); e Henri Philippe Reichstul (ex-presidente da Petrobras -1999\/2001).<\/p>\n<p>Pelo governo federal, participam os titulares da Casa Civil (Gleisi Hoffmann), da Fazenda (Guido Mantega), do Planejamento (Miriam Belchior), e do MDIC (Fernando Pimentel). A participa&ccedil;&atilde;o &eacute; considerada como servi&ccedil;o p&uacute;blico relevante e n&atilde;o ser&aacute; remunerada.<\/p>\n<p>A C&acirc;mara n&atilde;o ter&aacute; estrutura nem quadro pr&oacute;prio, mas contar&aacute; com o apoio t&eacute;cnico e log&iacute;stico de uma secretaria-executiva na Casa Civil da Presid&ecirc;ncia da Rep&uacute;blica. As regras para sua organiza&ccedil;&atilde;o e funcionamento ser&atilde;o estabelecidas em regimento interno, a ser proposto pelo seu presidente e aprovado pela maioria absoluta de seus membros.<\/p>\n<p>&nbsp;<\/p>\n","protected":false},"excerpt":{"rendered":"<p>A C\u00e2mara de Pol\u00edticas de Gest\u00e3o, Desempenho e Competitividade decidiu em reuni\u00e3o realizada nesta quarta-feira (29\/6) iniciar o processo de avalia\u00e7\u00e3o, no pr\u00f3ximo m\u00eas, pelo Minist\u00e9rio da Sa\u00fade e pela Empresa Brasileira de Infraestrutura Aeroportu\u00e1ria (Infraero).<\/p>\n<p>O an\u00fancio foi feito pela ministra-chefe da Casa Civil, Gleisi Hoffmann, e pelo empres\u00e1rio Jorge Gerdau, ap\u00f3s reuni\u00e3o com os integrantes da C\u00e2mara. Em entrevista, a ministra Gleisi explicou que a avalia\u00e7\u00e3o nestes dois setores tem duas dimens\u00f5es.<\/p>\n","protected":false},"author":1,"featured_media":29918,"comment_status":"open","ping_status":"open","sticky":false,"template":"","format":"standard","meta":{"footnotes":""},"categories":[1],"tags":[348,1046,6],"class_list":["post-29919","post","type-post","status-publish","format-standard","has-post-thumbnail","hentry","category-noticias-zeca-dirceu","tag-camara","tag-gleisi","tag-saude"],"_links":{"self":[{"href":"https:\/\/teste.bsb.br\/zeca\/wp-json\/wp\/v2\/posts\/29919","targetHints":{"allow":["GET"]}}],"collection":[{"href":"https:\/\/teste.bsb.br\/zeca\/wp-json\/wp\/v2\/posts"}],"about":[{"href":"https:\/\/teste.bsb.br\/zeca\/wp-json\/wp\/v2\/types\/post"}],"author":[{"embeddable":true,"href":"https:\/\/teste.bsb.br\/zeca\/wp-json\/wp\/v2\/users\/1"}],"replies":[{"embeddable":true,"href":"https:\/\/teste.bsb.br\/zeca\/wp-json\/wp\/v2\/comments?post=29919"}],"version-history":[{"count":0,"href":"https:\/\/teste.bsb.br\/zeca\/wp-json\/wp\/v2\/posts\/29919\/revisions"}],"wp:featuredmedia":[{"embeddable":true,"href":"https:\/\/teste.bsb.br\/zeca\/wp-json\/wp\/v2\/media\/29918"}],"wp:attachment":[{"href":"https:\/\/teste.bsb.br\/zeca\/wp-json\/wp\/v2\/media?parent=29919"}],"wp:term":[{"taxonomy":"category","embeddable":true,"href":"https:\/\/teste.bsb.br\/zeca\/wp-json\/wp\/v2\/categories?post=29919"},{"taxonomy":"post_tag","embeddable":true,"href":"https:\/\/teste.bsb.br\/zeca\/wp-json\/wp\/v2\/tags?post=29919"}],"curies":[{"name":"wp","href":"https:\/\/api.w.org\/{rel}","templated":true}]}}