{"id":29879,"date":"2011-07-04T00:00:00","date_gmt":"2011-07-04T03:00:00","guid":{"rendered":"https:\/\/www.zecadirceu.com.br\/em-nota-lula-destaca-dedicacao-de-itamar-a-vida-publica\/"},"modified":"2011-07-04T00:00:00","modified_gmt":"2011-07-04T03:00:00","slug":"em-nota-lula-destaca-dedicacao-de-itamar-a-vida-publica","status":"publish","type":"post","link":"https:\/\/teste.bsb.br\/zeca\/em-nota-lula-destaca-dedicacao-de-itamar-a-vida-publica\/","title":{"rendered":"Em nota, Lula destaca dedica\u00e7\u00e3o de Itamar \u00e0 vida p\u00fablica"},"content":{"rendered":"<p>O ex-presidente Luiz In&aacute;cio Lula da Silva divulgou nota de pesar pela morte do ex-presidente e senador Itamar Franco (PSDB-MG), neste s&aacute;bado, 2. <\/p>\n<p>Lula destacou a dedica&ccedil;&atilde;o de Itamar &agrave; vida p&uacute;blica e o modo como coordenou a pol&iacute;tica econ&ocirc;mica do Pa&iacute;s quando assumiu a presid&ecirc;ncia, em 1992. Abaixo, a &iacute;ntegra da nota, assinada por Lula e por sua esposa, Marisa Let&iacute;cia:<\/p>\n<p>&ldquo;O senador e ex-presidente Itamar Franco foi um grande democrata, com uma vida p&uacute;blica dedicada ao Brasil. Mesmo nos momentos de diverg&ecirc;ncia pol&iacute;tica mantivemos uma rela&ccedil;&atilde;o de profundo respeito e di&aacute;logo. Quando assumiu a presid&ecirc;ncia em um momento conturbado, em 1992, teve sabedoria para dialogar com toda a sociedade brasileira e ajudou o pa&iacute;s a entrar em uma rota positiva na pol&iacute;tica,na economia e no social. No seu governo implementou o Plano Real, o Conselho Nacional de Seguran&ccedil;a Alimentar (Consea) e engajou o governo federal no combate &agrave; fome, com o apoio a A&ccedil;&atilde;o da Cidadania Contra a Fome, a Mis&eacute;ria e Pela Vida, junto ao soci&oacute;logo Herbert de Souza, o Betinho. A contribui&ccedil;&atilde;o de Itamar Franco foi fundamental para a constru&ccedil;&atilde;o coletiva de um pa&iacute;s democr&aacute;tico, mais justo e sem pobreza. Nesse momento de tristeza, prestamos solidariedade aos seus familiares e amigos.&rdquo;<br \/>\n&nbsp;<\/p>\n","protected":false},"excerpt":{"rendered":"<p>O ex-presidente Luiz In\u00e1cio Lula da Silva divulgou nota de pesar pela morte do ex-presidente e senador Itamar Franco (PSDB-MG), neste s\u00e1bado, 2.<\/p>\n<p> Lula destacou a dedica\u00e7\u00e3o de Itamar \u00e0 vida p\u00fablica e o modo como coordenou a pol\u00edtica econ\u00f4mica do Pa\u00eds quando assumiu a presid\u00eancia, em 1992. Abaixo, a \u00edntegra da nota, assinada por Lula e por sua esposa, Marisa Let\u00edcia:<\/p>\n","protected":false},"author":1,"featured_media":29878,"comment_status":"open","ping_status":"open","sticky":false,"template":"","format":"standard","meta":{"footnotes":""},"categories":[1],"tags":[7151,170,7152],"class_list":["post-29879","post","type-post","status-publish","format-standard","has-post-thumbnail","hentry","category-noticias-zeca-dirceu","tag-itamar","tag-lula","tag-vida-publica"],"_links":{"self":[{"href":"https:\/\/teste.bsb.br\/zeca\/wp-json\/wp\/v2\/posts\/29879","targetHints":{"allow":["GET"]}}],"collection":[{"href":"https:\/\/teste.bsb.br\/zeca\/wp-json\/wp\/v2\/posts"}],"about":[{"href":"https:\/\/teste.bsb.br\/zeca\/wp-json\/wp\/v2\/types\/post"}],"author":[{"embeddable":true,"href":"https:\/\/teste.bsb.br\/zeca\/wp-json\/wp\/v2\/users\/1"}],"replies":[{"embeddable":true,"href":"https:\/\/teste.bsb.br\/zeca\/wp-json\/wp\/v2\/comments?post=29879"}],"version-history":[{"count":0,"href":"https:\/\/teste.bsb.br\/zeca\/wp-json\/wp\/v2\/posts\/29879\/revisions"}],"wp:featuredmedia":[{"embeddable":true,"href":"https:\/\/teste.bsb.br\/zeca\/wp-json\/wp\/v2\/media\/29878"}],"wp:attachment":[{"href":"https:\/\/teste.bsb.br\/zeca\/wp-json\/wp\/v2\/media?parent=29879"}],"wp:term":[{"taxonomy":"category","embeddable":true,"href":"https:\/\/teste.bsb.br\/zeca\/wp-json\/wp\/v2\/categories?post=29879"},{"taxonomy":"post_tag","embeddable":true,"href":"https:\/\/teste.bsb.br\/zeca\/wp-json\/wp\/v2\/tags?post=29879"}],"curies":[{"name":"wp","href":"https:\/\/api.w.org\/{rel}","templated":true}]}}