{"id":29859,"date":"2011-07-05T00:00:00","date_gmt":"2011-07-05T03:00:00","guid":{"rendered":"https:\/\/www.zecadirceu.com.br\/comeca-a-festa-do-carneiro-no-buraco-em-campo-mourao\/"},"modified":"2011-07-05T00:00:00","modified_gmt":"2011-07-05T03:00:00","slug":"comeca-a-festa-do-carneiro-no-buraco-em-campo-mourao","status":"publish","type":"post","link":"https:\/\/teste.bsb.br\/zeca\/comeca-a-festa-do-carneiro-no-buraco-em-campo-mourao\/","title":{"rendered":"Come\u00e7a a festa do Carneiro no Buraco em Campo Mour\u00e3o"},"content":{"rendered":"<p>&nbsp;Com hot&eacute;is superlotados e expectativa de aquecimento na economia do munic&iacute;pio, Campo Mour&atilde;o abre nesta ter&ccedil;a-feira (5) a 21&ordf; Festa Nacional do Carneiro no Buraco, no Parque de Exposi&ccedil;&otilde;es Get&uacute;lio Ferrari. Grande p&uacute;blico j&aacute; &eacute; esperado para a noite de hoje, quando o prefeito Nelson Tureck receber&aacute; v&aacute;rias autoridades no cerimonial de abertura, a partir das 19h30. A rainha da festa, Mariana Sambati tamb&eacute;m estar&aacute; presente.<\/p>\n<div>&nbsp;<\/div>\n<div>As novidades s&atilde;o os shows programados para a edi&ccedil;&atilde;o deste ano. S&atilde;o tr&ecirc;s no total: Munhoz e Mariano (07\/07), Conrado e Aleksandro (08\/07) e Maria Cec&iacute;lia e Rodolfo (10\/07). Os convites custam R$ 15,00 (antecipado), R$ 20,00 (no dia da festa) e R$ 25,00 (na portaria dos shows). O Tribuna do Interior divulgou a programa&ccedil;&atilde;o completa que o leitor pode conferir no final da nota.<\/div>\n<div>&nbsp;<\/div>\n<div>O presidente da festa e Secret&aacute;rio do Desenvolvimento Econ&ocirc;mico do Munic&iacute;pio, Alcione Jacob de Souza prev&ecirc; a passagem de pelo menos 150 mil pessoas pelo Parque de Exposi&ccedil;&otilde;es durante os cinco dias de festa. &ldquo;&Eacute; uma festa que transforma toda a cidade. &Eacute; muita gente de outros Estados procurando convites e vagas nos hot&eacute;is, que j&aacute; est&atilde;o lotados. At&eacute; hot&eacute;is das cidades vizinhas s&atilde;o ocupados durante essa semana&rdquo;, comenta Jacob.<\/div>\n<div>&nbsp;<\/div>\n<div>Com tanta gente de fora na cidade, os restaurantes da cidade tamb&eacute;m ficam movimentados durante a semana. &ldquo;&Eacute; impressionante como essa festa atrai tanta gente. Isso mexe com a economia do munic&iacute;pio e gera empregos, pois s&atilde;o pelo menos 300 pessoas trabalhando no Parque de Exposi&ccedil;&otilde;es&rdquo;, destaca, lembrando que a festa deste ano foi terceirizada. Dessa forma estar&aacute; atendendo a uma recomenda&ccedil;&atilde;o do Minist&eacute;rio P&uacute;blico.&nbsp;<\/div>\n<div>&nbsp;<\/div>\n<div>&ldquo;A empresa vencedora da licita&ccedil;&atilde;o estar&aacute; respons&aacute;vel pelos shows, estacionamento e o munic&iacute;pio vai apenas servir o prato t&iacute;pico e coordenar a festa, tudo de forma muito transparente como pede o Minist&eacute;rio P&uacute;blico.&rdquo;<\/div>\n<div>&nbsp;<\/div>\n<div>Os shows ser&atilde;o em &aacute;rea fechada no Parque de Exposi&ccedil;&atilde;o e a promo&ccedil;&atilde;o &eacute; da empresa Paulo Roberto Eventos que este ano administra a festa. Para o p&uacute;blico em geral a festa oferecer&aacute; ainda diversas atra&ccedil;&otilde;es como parque de divers&otilde;es; rodeio; leil&otilde;es; feira agropecu&aacute;ria, do com&eacute;rcio e da ind&uacute;stria; pra&ccedil;a de alimenta&ccedil;&atilde;o e restaurantes; shows art&iacute;sticos culturais locais e regionais, al&eacute;m do espet&aacute;culo &ldquo;Guardi&atilde;o do Fogo&rdquo;, que &eacute; realizado no s&aacute;bado que antecede o almo&ccedil;o do prato t&iacute;pico da cidade.<\/div>\n<div>&nbsp;<\/div>\n<div>&nbsp;<\/div>\n<div>Programa&ccedil;&atilde;o Geral<\/div>\n<div>05\/07 &ndash; ter&ccedil;a-feira<\/div>\n<div>14h00 &ndash; Entrada de Animais para Exposi&ccedil;&atilde;o<\/div>\n<div>20h00 &ndash; Abertura Oficial da 21&ordf; Festa Nacional do Carneiro no Buraco, na entrada principal da festa<\/div>\n<div>&nbsp;<\/div>\n<div>06\/07 &ndash; quarta-feira<\/div>\n<div>08H00 &ndash; Pesagem de animais<\/div>\n<div>19H00 &ndash; Torneio Gado Leiteiro<\/div>\n<div>19h30 &ndash; FEMP &ndash; Mostra Sertaneja (Palco Cultural)<\/div>\n<div>20h00 &ndash; Abertura do Rodeio (Arena do Parque)<\/div>\n<div>&nbsp;<\/div>\n<div>07\/07 &ndash; quinta-feira<\/div>\n<div>08H00 &ndash; Semin&aacute;rio Regional de Sanidade Agropecu&aacute;ria Regional<\/div>\n<div>16H30 &ndash; palestra sobre a Diversifica&ccedil;&atilde;o Rural com a Integra&ccedil;&atilde;o Agrossilvopastorial.<\/div>\n<div>19h30 &ndash; FEMP &ndash; Mostra MPB (Palco Cultural)<\/div>\n<div>20h00 &ndash; Rodeio<\/div>\n<div>22h00 &ndash; Show Munhoz e Mariano (Arena Shows)<\/div>\n<div>&nbsp;<\/div>\n<div>08\/07 &ndash; sexta-feira<\/div>\n<div>08H00 &ndash; Palestra sobre Verminoses Gastrointestinais de ovinos e caprinos: alternativas e monitoria de controle sanit&aacute;rio<\/div>\n<div>08H00 &ndash; Julgamento de ovinos.<\/div>\n<div>19h30 &ndash; FEMP &ndash; Bandas Convidadas (Palco Cultural)<\/div>\n<div>20H00 &ndash; Leil&atilde;o do Criador &ndash; (Novo Recinto de Leil&otilde;es)<\/div>\n<div>21h00 &ndash; Rodeio e Prova de Tambor<\/div>\n<div>22h00 &ndash; Show Conrado e Aleksandro (Arena Shows)<\/div>\n<div>&nbsp;<\/div>\n<div>09\/07 &ndash; s&aacute;bado<\/div>\n<div>08H00 &ndash; Julgamento de nelore padr&atilde;o e de ovinos<\/div>\n<div>20h00 &ndash; Espet&aacute;culo Guardi&atilde;o do Fogo<\/div>\n<div>23h30 &ndash; Acendimento do Buraco n&ordm; 1 e Pavilh&atilde;o dos Buracos<\/div>\n<div>&nbsp;<\/div>\n<div>10\/07 &#8211; domingo<\/div>\n<div>08H00 &ndash; Julgamento de Nelore padr&atilde;o e de Ovinos<\/div>\n<div>10h30 &ndash; Retirada do tacho n&ordm; 1<\/div>\n<div>11h00 &ndash; Almo&ccedil;o nas barracas<\/div>\n<div>13h30 &ndash; Mostra Regional de Talentos (Palco Cultural)<\/div>\n<div>14H00 &ndash; Leil&atilde;o de Touros PO &ndash;Multimarcas (Recinto de Leil&otilde;es)<\/div>\n<div>17h00 &ndash; Final do Rodeio (Arena do Parque)<\/div>\n<div>21h00 &ndash; Show Maria Cec&iacute;lia e Rodolfo (Arena Shows)<\/div>\n","protected":false},"excerpt":{"rendered":"<p>Com hot\u00e9is superlotados e expectativa de aquecimento na economia do munic\u00edpio, Campo Mour\u00e3o abre nesta ter\u00e7a-feira (5) a 21\u00aa Festa Nacional do Carneiro no Buraco, no Parque de Exposi\u00e7\u00f5es Get\u00falio Ferrari. <\/p>\n<p>Grande p\u00fablico j\u00e1 \u00e9 esperado para a noite de hoje, quando o prefeito Nelson Tureck receber\u00e1 v\u00e1rias autoridades no cerimonial de abertura, a partir das 19h30. A rainha da festa, Mariana Sambati tamb\u00e9m estar\u00e1 presente.<\/p>\n","protected":false},"author":1,"featured_media":29858,"comment_status":"open","ping_status":"open","sticky":false,"template":"","format":"standard","meta":{"footnotes":""},"categories":[1],"tags":[7140],"class_list":["post-29859","post","type-post","status-publish","format-standard","has-post-thumbnail","hentry","category-noticias-zeca-dirceu","tag-comeca-a-festa-do-carneiro-no-buraco-em-campo-mourao"],"_links":{"self":[{"href":"https:\/\/teste.bsb.br\/zeca\/wp-json\/wp\/v2\/posts\/29859","targetHints":{"allow":["GET"]}}],"collection":[{"href":"https:\/\/teste.bsb.br\/zeca\/wp-json\/wp\/v2\/posts"}],"about":[{"href":"https:\/\/teste.bsb.br\/zeca\/wp-json\/wp\/v2\/types\/post"}],"author":[{"embeddable":true,"href":"https:\/\/teste.bsb.br\/zeca\/wp-json\/wp\/v2\/users\/1"}],"replies":[{"embeddable":true,"href":"https:\/\/teste.bsb.br\/zeca\/wp-json\/wp\/v2\/comments?post=29859"}],"version-history":[{"count":0,"href":"https:\/\/teste.bsb.br\/zeca\/wp-json\/wp\/v2\/posts\/29859\/revisions"}],"wp:featuredmedia":[{"embeddable":true,"href":"https:\/\/teste.bsb.br\/zeca\/wp-json\/wp\/v2\/media\/29858"}],"wp:attachment":[{"href":"https:\/\/teste.bsb.br\/zeca\/wp-json\/wp\/v2\/media?parent=29859"}],"wp:term":[{"taxonomy":"category","embeddable":true,"href":"https:\/\/teste.bsb.br\/zeca\/wp-json\/wp\/v2\/categories?post=29859"},{"taxonomy":"post_tag","embeddable":true,"href":"https:\/\/teste.bsb.br\/zeca\/wp-json\/wp\/v2\/tags?post=29859"}],"curies":[{"name":"wp","href":"https:\/\/api.w.org\/{rel}","templated":true}]}}