{"id":29853,"date":"2011-07-05T00:00:00","date_gmt":"2011-07-05T03:00:00","guid":{"rendered":"https:\/\/www.zecadirceu.com.br\/governo-quer-turbinar-programa-espacial-do-pais\/"},"modified":"2011-07-05T00:00:00","modified_gmt":"2011-07-05T03:00:00","slug":"governo-quer-turbinar-programa-espacial-do-pais","status":"publish","type":"post","link":"https:\/\/teste.bsb.br\/zeca\/governo-quer-turbinar-programa-espacial-do-pais\/","title":{"rendered":"Governo quer turbinar programa espacial do pa\u00eds"},"content":{"rendered":"<p>O governo conclui at&eacute; agosto uma reestrutura&ccedil;&atilde;o completa do programa espacial brasileiro. As medidas incluem a cria&ccedil;&atilde;o de um novo &oacute;rg&atilde;o de gerenciamento, que pode ser uma fus&atilde;o da AEB (Ag&ecirc;ncia Espacial Brasileira) com o Inpe (Instituto Nacional de Pesquisas Espaciais).<\/p>\n<p>O formato da nova ag&ecirc;ncia espacial ainda est&aacute; sendo estudado, mas o Minist&eacute;rio da Ci&ecirc;ncia e Tecnologia, ao qual a AEB &eacute; subordinada, n&atilde;o descarta nem mesmo a extin&ccedil;&atilde;o da ag&ecirc;ncia atual.<\/p>\n<p>&quot;Precisamos enxugar a estrutura, dar mais compet&ecirc;ncia&quot;, disse &agrave; Folha o ministro Aloizio Mercadante.<\/p>\n<p>O presidente da AEB, Marco Antonio Raupp, afirma que a gest&atilde;o do programa precisa de uma institui&ccedil;&atilde;o capaz de acompanhar e fomentar projetos. Segundo ele, a AEB n&atilde;o tem &quot;musculatura t&eacute;cnica&quot; para isso.<\/p>\n<p>Criada em 1994, sem quadro t&eacute;cnico pr&oacute;prio, a ag&ecirc;ncia faz pouco mais do que distribuir o reduzido or&ccedil;amento do programa &quot;R$ 332 milh&otilde;es em 2011&quot; entre os &oacute;rg&atilde;os que o gastam, o Inpe e o IAE (Instituto de Aeron&aacute;utica e Espa&ccedil;o), ligado ao DCTA (Departamento de Ci&ecirc;ncia e Tecnologia Aeroespacial), do Minist&eacute;rio da Defesa.<\/p>\n<p>Ainda n&atilde;o se sabe se a fus&atilde;o ser&aacute; total, parcial (apenas o peda&ccedil;o do Inpe respons&aacute;vel pelo programa de sat&eacute;lites seria incorporado &agrave; ag&ecirc;ncia) ou se envolver&aacute; tamb&eacute;m o DCTA, da Defesa.<\/p>\n<p>Tamb&eacute;m est&aacute; em estudo a cria&ccedil;&atilde;o de um conselho gestor de alto n&iacute;vel, que envolva v&aacute;rios &oacute;rg&atilde;os de governo, universidades e ind&uacute;stria. Raupp, por&eacute;m, tem pressa: o novo desenho precisa estar conclu&iacute;do no pr&oacute;ximo m&ecirc;s, para que possa ser incorporado ao Plano Plurianual do governo federal.<\/p>\n<p>Mesmo com a nova estrutura da ag&ecirc;ncia, o programa ainda precisa resolver dois problemas para deslanchar: sua cr&ocirc;nica falta de recursos e sua car&ecirc;ncia de pessoal.<\/p>\n<p>A falta de quadros decorre da falta de entusiasmo de engenheiros jovens pelo programa espacial. &quot;Precisamos de sucessos intermedi&aacute;rios, sen&atilde;o a popula&ccedil;&atilde;o se desinteressa&quot;, disse Raupp.<\/p>\n<p>Na revis&atilde;o do programa espacial, a AEB pedir&aacute; a contrata&ccedil;&atilde;o de 400 funcion&aacute;rios para o Inpe e 700 para o IAE.<br \/>\nO presidente da ag&ecirc;ncia n&atilde;o diz qual ser&aacute; o pedido de verba adicional, mas um estudo feito no come&ccedil;o do ano por IAE, Inpe e Associa&ccedil;&atilde;o das Ind&uacute;strias Aeroespaciais do Brasil d&aacute; uma ideia da necessidade: R$ 500 milh&otilde;es por ano a partir de 2016 s&oacute; para o programa de sat&eacute;lites do Inpe, mais cerca de R$ 200 milh&otilde;es por ano para o programa de foguetes.<\/p>\n<p>Outra estrat&eacute;gia ser&aacute; aumentar o n&uacute;mero de contratos com a ind&uacute;stria nacional, como faz a Nasa.<\/p>\n<p>Um produto que j&aacute; est&aacute; pronto para ser comercializado &eacute; o foguete de sondagem VSB-30, desenvolvido por Brasil e Alemanha, j&aacute; certificado pela Uni&atilde;o Europeia e com dez voos suborbitais bem-sucedidos. &quot;Est&aacute; na hora de o DCTA repassar o motor &agrave; Embraer para vender&quot;, afirmou Raupp.<\/p>\n<p>&nbsp;<\/p>\n","protected":false},"excerpt":{"rendered":"<p>O governo conclui at\u00e9 agosto uma reestrutura\u00e7\u00e3o completa do programa espacial brasileiro. As medidas incluem a cria\u00e7\u00e3o de um novo \u00f3rg\u00e3o de gerenciamento, que pode ser uma fus\u00e3o da AEB (Ag\u00eancia Espacial Brasileira) com o Inpe (Instituto Nacional de Pesquisas Espaciais). <\/p>\n<p>O formato da nova ag\u00eancia espacial ainda est\u00e1 sendo estudado, mas o Minist\u00e9rio da Ci\u00eancia e Tecnologia, ao qual a AEB \u00e9 subordinada, n\u00e3o descarta nem mesmo a extin\u00e7\u00e3o da ag\u00eancia atual.<\/p>\n","protected":false},"author":1,"featured_media":29852,"comment_status":"open","ping_status":"open","sticky":false,"template":"","format":"standard","meta":{"footnotes":""},"categories":[1],"tags":[7138,74,479],"class_list":["post-29853","post","type-post","status-publish","format-standard","has-post-thumbnail","hentry","category-noticias-zeca-dirceu","tag-espacial","tag-governo","tag-programa"],"_links":{"self":[{"href":"https:\/\/teste.bsb.br\/zeca\/wp-json\/wp\/v2\/posts\/29853","targetHints":{"allow":["GET"]}}],"collection":[{"href":"https:\/\/teste.bsb.br\/zeca\/wp-json\/wp\/v2\/posts"}],"about":[{"href":"https:\/\/teste.bsb.br\/zeca\/wp-json\/wp\/v2\/types\/post"}],"author":[{"embeddable":true,"href":"https:\/\/teste.bsb.br\/zeca\/wp-json\/wp\/v2\/users\/1"}],"replies":[{"embeddable":true,"href":"https:\/\/teste.bsb.br\/zeca\/wp-json\/wp\/v2\/comments?post=29853"}],"version-history":[{"count":0,"href":"https:\/\/teste.bsb.br\/zeca\/wp-json\/wp\/v2\/posts\/29853\/revisions"}],"wp:featuredmedia":[{"embeddable":true,"href":"https:\/\/teste.bsb.br\/zeca\/wp-json\/wp\/v2\/media\/29852"}],"wp:attachment":[{"href":"https:\/\/teste.bsb.br\/zeca\/wp-json\/wp\/v2\/media?parent=29853"}],"wp:term":[{"taxonomy":"category","embeddable":true,"href":"https:\/\/teste.bsb.br\/zeca\/wp-json\/wp\/v2\/categories?post=29853"},{"taxonomy":"post_tag","embeddable":true,"href":"https:\/\/teste.bsb.br\/zeca\/wp-json\/wp\/v2\/tags?post=29853"}],"curies":[{"name":"wp","href":"https:\/\/api.w.org\/{rel}","templated":true}]}}