{"id":29835,"date":"2011-07-06T00:00:00","date_gmt":"2011-07-06T03:00:00","guid":{"rendered":"https:\/\/www.zecadirceu.com.br\/trabalho-decente-o-melhor-caminho-para-a-reducao-da-criminalidade\/"},"modified":"2011-07-06T00:00:00","modified_gmt":"2011-07-06T03:00:00","slug":"trabalho-decente-o-melhor-caminho-para-a-reducao-da-criminalidade","status":"publish","type":"post","link":"https:\/\/teste.bsb.br\/zeca\/trabalho-decente-o-melhor-caminho-para-a-reducao-da-criminalidade\/","title":{"rendered":"Trabalho decente: O melhor caminho para a redu\u00e7\u00e3o da criminalidade"},"content":{"rendered":"<p>A not&iacute;cia de que o governo federal, atrav&eacute;s do Minist&eacute;rio do Trabalho e Emprego, convocou a Confer&ecirc;ncia do Trabalho Decente, por orienta&ccedil;&atilde;o da OIT, nos alegra pela iniciativa, por ser uma conquista hist&oacute;rica da luta do movimento sindical pela democracia.<\/p>\n<div>&nbsp; &nbsp; &nbsp; &nbsp; <br \/>\nO conhecimento adquirido pelo estudo e viv&ecirc;ncia no mundo do trabalho nos mostra que temos uma longa jornada para a constru&ccedil;&atilde;o de um mercado de trabalho mais humano e decente.<\/div>\n<div>\nVivemos num pa&iacute;s dependente, onde a inclus&atilde;o de trabalhadores na formalidade, recentemente, corrige distor&ccedil;&otilde;es na estrutura do mercado de trabalho, mas ainda de forma incipiente e prec&aacute;ria, pois estamos mal inseridos na divis&atilde;o internacional do trabalho. Isto se prende ao fato de termos constru&iacute;do at&eacute; aqui um projeto nacional de desenvolvimento, com independ&ecirc;ncia tecnol&oacute;gica e industrial, incompleto, que n&atilde;o agrega valor suficiente &agrave; economia, para uma melhor distribui&ccedil;&atilde;o de renda, que nos d&ecirc; poupan&ccedil;a interna e capacidade de investimento.<\/p>\n<p>Em raz&atilde;o disso, 80% dos empregos gerados pagam menos de 2 sal&aacute;rios m&iacute;nimos. Temos uma rotatividade de m&atilde;o de obra criminosa, geradora de doen&ccedil;as emocionais e psicol&oacute;gicas, por n&atilde;o adotarmos a Conven&ccedil;&atilde;o 158 da OIT, e ser intenso o uso da demiss&atilde;o imotivada; pr&aacute;tica descabida do banco de horas e exagerado de horas extras; desemprego de aproximadamente 22% entre jovens e pobres, especialmente nas regi&otilde;es metropolitanas, bem como dos jovens com diploma universit&aacute;rio e a expans&atilde;o do uso da terceiriza&ccedil;&atilde;o que precariza as rela&ccedil;&otilde;es de trabalho. Os trabalhadores do setor p&uacute;blico est&atilde;o desprotegidos e sem direitos de negocia&ccedil;&atilde;o por n&atilde;o adotarmos a Conven&ccedil;&atilde;o 151 da OIT. O fator previdenci&aacute;rio achata os proventos e tira o poder de compra dos aposentados. O sistema tribut&aacute;rio incide sobre a renda e o consumo dos trabalhadores &nbsp;e n&atilde;o sobre o lucro e o patrim&ocirc;nio das elites. A legisla&ccedil;&atilde;o continua a proibir a organiza&ccedil;&atilde;o dos trabalhadores nos locais de trabalho e por isso s&atilde;o altamente controladas por serem organizadas pelo setor empresarial, as Cipas organizadas em apenas 50% das empresas e Sesmt em apenas 20% das empresas, o que causa alt&iacute;ssimos n&iacute;veis de acidentes e doen&ccedil;as decorrentes do trabalho na busca do aumento da produtividade. Temos um quadro de auditores para a fiscaliza&ccedil;&atilde;o das normas do trabalho muito abaixo do n&uacute;mero considerado necess&aacute;rio. E ainda n&atilde;o temos uma pol&iacute;tica de sa&uacute;de e seguran&ccedil;a do trabalho e tampouco um sistema p&uacute;blico de emprego com recursos definidos em lei e na Constitui&ccedil;&atilde;o. O que faz a pol&iacute;tica de qualifica&ccedil;&atilde;o profissional e t&eacute;cnica ter poucos recursos, bem como outras pol&iacute;ticas p&uacute;blicas, que sofrem contingenciamento, em face de atual pol&iacute;tica macroecon&ocirc;mica de juros, cambio e de cumprimento da meta do d&eacute;ficit prim&aacute;rio.<br \/>\n&nbsp;<\/div>\n<div>Por isso, os membros das Confer&ecirc;ncias Estaduais, j&aacute; convocadas no Paran&aacute; pelo governador Beto Richa, atrav&eacute;s do decreto n&ordm; 1.653\/2011, a ser realizada no final deste ano, t&ecirc;m que compreender que precisamos exigir das inst&acirc;ncias governamentais do poder executivo e legislativo a aprova&ccedil;&atilde;o de novas legisla&ccedil;&otilde;es favor&aacute;veis aos trabalhadores, para a implementa&ccedil;&atilde;o de medidas favor&aacute;veis ao aperfei&ccedil;oamento do projeto nacional de desenvolvimento, para termos um pa&iacute;s mais justo e um mercado de trabalho decente, que segundo a OIT se conceitua como &ldquo;aquele que gera emprego adequadamente remunerado, exercido em condi&ccedil;&otilde;es de liberdade, eq&uuml;idade e seguran&ccedil;a, capaz de garantir uma vida digna&rdquo;.<\/p>\n<p>Assim, s&oacute; a luta permanente para implementar mudan&ccedil;as e melhorias ir&atilde;o permitir que os brasileiros n&atilde;o continuem tendo como futuro as drogas, como usu&aacute;rios ou como mercado de trabalho, e conseq&uuml;entemente os pres&iacute;dios ou a morte como destino. Aumentando as estat&iacute;sticas da criminalidade, que alguns insistem em propor, que para combat&ecirc;-la deve-se aumentar o contingente de policiais. Policiais que na sua grande maioria, s&atilde;o origin&aacute;rios de setores de baixa renda, que servem para prender majoritariamente pobres, que est&atilde;o desempregados ou trabalhando sem remunera&ccedil;&atilde;o adequada e vivem em bairros com servi&ccedil;os, equipamentos e infra-estrutura prec&aacute;ria sem ter respeitado a sua dignidade.<\/p>\n<p><strong>Geraldo Serathiuk, advogado, especializado em direito tribut&aacute;rio pelo IBEJ\/Pr. e MBA em Marketing e Estrat&eacute;gia pela UFPR.<\/strong><\/div>\n<div>gserathiuk@yahoo.com.br<\/div>\n","protected":false},"excerpt":{"rendered":"<p>&#8220;A not\u00edcia de que o governo federal, atrav\u00e9s do Minist\u00e9rio do Trabalho e Emprego, convocou a Confer\u00eancia do Trabalho Decente, por orienta\u00e7\u00e3o da OIT, nos alegra pela iniciativa, por ser uma conquista hist\u00f3rica da luta do movimento sindical pela democracia.<\/p>\n<p>O conhecimento adquirido pelo estudo e viv\u00eancia no mundo do trabalho nos mostra que temos uma longa jornada para a constru\u00e7\u00e3o de um mercado de trabalho mais humano e decente.&#8221; Trecho do artigo de Geraldo Serathiuk, leia-o na \u00edntegra.<\/p>\n","protected":false},"author":1,"featured_media":29834,"comment_status":"open","ping_status":"open","sticky":false,"template":"","format":"standard","meta":{"footnotes":""},"categories":[1],"tags":[81],"class_list":["post-29835","post","type-post","status-publish","format-standard","has-post-thumbnail","hentry","category-noticias-zeca-dirceu","tag-trabalho"],"_links":{"self":[{"href":"https:\/\/teste.bsb.br\/zeca\/wp-json\/wp\/v2\/posts\/29835","targetHints":{"allow":["GET"]}}],"collection":[{"href":"https:\/\/teste.bsb.br\/zeca\/wp-json\/wp\/v2\/posts"}],"about":[{"href":"https:\/\/teste.bsb.br\/zeca\/wp-json\/wp\/v2\/types\/post"}],"author":[{"embeddable":true,"href":"https:\/\/teste.bsb.br\/zeca\/wp-json\/wp\/v2\/users\/1"}],"replies":[{"embeddable":true,"href":"https:\/\/teste.bsb.br\/zeca\/wp-json\/wp\/v2\/comments?post=29835"}],"version-history":[{"count":0,"href":"https:\/\/teste.bsb.br\/zeca\/wp-json\/wp\/v2\/posts\/29835\/revisions"}],"wp:featuredmedia":[{"embeddable":true,"href":"https:\/\/teste.bsb.br\/zeca\/wp-json\/wp\/v2\/media\/29834"}],"wp:attachment":[{"href":"https:\/\/teste.bsb.br\/zeca\/wp-json\/wp\/v2\/media?parent=29835"}],"wp:term":[{"taxonomy":"category","embeddable":true,"href":"https:\/\/teste.bsb.br\/zeca\/wp-json\/wp\/v2\/categories?post=29835"},{"taxonomy":"post_tag","embeddable":true,"href":"https:\/\/teste.bsb.br\/zeca\/wp-json\/wp\/v2\/tags?post=29835"}],"curies":[{"name":"wp","href":"https:\/\/api.w.org\/{rel}","templated":true}]}}