{"id":29823,"date":"2011-07-06T00:00:00","date_gmt":"2011-07-06T03:00:00","guid":{"rendered":"https:\/\/www.zecadirceu.com.br\/lula-se-encontra-com-mineiros-chilenos\/"},"modified":"2011-07-06T00:00:00","modified_gmt":"2011-07-06T03:00:00","slug":"lula-se-encontra-com-mineiros-chilenos","status":"publish","type":"post","link":"https:\/\/teste.bsb.br\/zeca\/lula-se-encontra-com-mineiros-chilenos\/","title":{"rendered":"Lula se encontra com mineiros chilenos"},"content":{"rendered":"<p>O ex-presidente Luiz In&aacute;cio Lula da Silva se reuniu na manh&atilde; desta ter&ccedil;a-feira, 5, com quatro dos 33 mineiros resgatados da mina San Jos&eacute;, no deserto do Atacama (Chile), no ano passado. Ap&oacute;s o acidente de 5 de agosto de 2010, os trabalhadores ficaram presos durante 69 dias na mina do norte do pa&iacute;s. Lula viajou para o Chile na segunda-feira, 4, onde se encontrou com o presidente Sebasti&aacute;n Pi&ntilde;era e participou das comemora&ccedil;&otilde;es do bicenten&aacute;rio do Congresso do Chile, em Valpara&iacute;so.<\/p>\n<p>Al&eacute;m de Pi&ntilde;era, Lula se encontrou na segunda-feira com o ex-presidente chileno Eduardo Frei Riz-Tagle e depois participou de um jantar na Embaixada do Brasil. Nesta ter&ccedil;a-feira, o ex-presidente brasileiro conversou com o ministro respons&aacute;vel pelos programas sociais do governo chileno, Felipe Kast.<\/p>\n<p>Lula discursou para deputados e senadores do Congresso chileno na segunda-feira &agrave; tarde e defendeu a integra&ccedil;&atilde;o da Am&eacute;rica Latina. &quot;A Uni&atilde;o das Na&ccedil;&otilde;es Sul-Americanas (Unasul) &eacute; um instrumento fundamental para a integra&ccedil;&atilde;o f&iacute;sica, energ&eacute;tica e produtiva, &agrave; qual se ir&atilde;o somando medidas de integra&ccedil;&atilde;o financeira&quot;, disse. <\/p>\n<p>&quot;Da mesma forma, temos de fortalecer nossa integra&ccedil;&atilde;o pol&iacute;tica. Uma integra&ccedil;&atilde;o respeitosa de nossas particularidades nacionais, que beneficie o conjunto dos povos do continente. Essa integra&ccedil;&atilde;o &eacute; e ser&aacute; generosa, pois n&atilde;o &eacute; propriedade de nenhuma corrente pol&iacute;tica e ideol&oacute;gica. Est&aacute; aberta a todos que acreditam que juntos seremos mais fortes e respeitados em um mundo cada vez mais desafiador&quot;, acrescentou o ex-presidente, de acordo com o discurso divulgado por sua assessoria de imprensa.<\/p>\n<p>\n&nbsp;<\/p>\n","protected":false},"excerpt":{"rendered":"<p>O ex-presidente Luiz In\u00e1cio Lula da Silva se reuniu na manh\u00e3 desta ter\u00e7a-feira, 5, com quatro dos 33 mineiros resgatados da mina San Jos\u00e9, no deserto do Atacama (Chile), no ano passado. <\/p>\n<p>Ap\u00f3s o acidente de 5 de agosto de 2010, os trabalhadores ficaram presos durante 69 dias na mina do norte do pa\u00eds. Lula viajou para o Chile na segunda-feira, 4, onde se encontrou com o presidente Sebasti\u00e1n Pi\u00f1era e participou das comemora\u00e7\u00f5es do bicenten\u00e1rio do Congresso do Chile, em Valpara\u00edso.<\/p>\n","protected":false},"author":1,"featured_media":29822,"comment_status":"open","ping_status":"open","sticky":false,"template":"","format":"standard","meta":{"footnotes":""},"categories":[1],"tags":[7132,170,7131],"class_list":["post-29823","post","type-post","status-publish","format-standard","has-post-thumbnail","hentry","category-noticias-zeca-dirceu","tag-chilenos","tag-lula","tag-mineiros"],"_links":{"self":[{"href":"https:\/\/teste.bsb.br\/zeca\/wp-json\/wp\/v2\/posts\/29823","targetHints":{"allow":["GET"]}}],"collection":[{"href":"https:\/\/teste.bsb.br\/zeca\/wp-json\/wp\/v2\/posts"}],"about":[{"href":"https:\/\/teste.bsb.br\/zeca\/wp-json\/wp\/v2\/types\/post"}],"author":[{"embeddable":true,"href":"https:\/\/teste.bsb.br\/zeca\/wp-json\/wp\/v2\/users\/1"}],"replies":[{"embeddable":true,"href":"https:\/\/teste.bsb.br\/zeca\/wp-json\/wp\/v2\/comments?post=29823"}],"version-history":[{"count":0,"href":"https:\/\/teste.bsb.br\/zeca\/wp-json\/wp\/v2\/posts\/29823\/revisions"}],"wp:featuredmedia":[{"embeddable":true,"href":"https:\/\/teste.bsb.br\/zeca\/wp-json\/wp\/v2\/media\/29822"}],"wp:attachment":[{"href":"https:\/\/teste.bsb.br\/zeca\/wp-json\/wp\/v2\/media?parent=29823"}],"wp:term":[{"taxonomy":"category","embeddable":true,"href":"https:\/\/teste.bsb.br\/zeca\/wp-json\/wp\/v2\/categories?post=29823"},{"taxonomy":"post_tag","embeddable":true,"href":"https:\/\/teste.bsb.br\/zeca\/wp-json\/wp\/v2\/tags?post=29823"}],"curies":[{"name":"wp","href":"https:\/\/api.w.org\/{rel}","templated":true}]}}