{"id":29795,"date":"2011-07-07T00:00:00","date_gmt":"2011-07-07T03:00:00","guid":{"rendered":"https:\/\/www.zecadirceu.com.br\/para-dilma-avanco-social-precede-lula\/"},"modified":"2011-07-07T00:00:00","modified_gmt":"2011-07-07T03:00:00","slug":"para-dilma-avanco-social-precede-lula","status":"publish","type":"post","link":"https:\/\/teste.bsb.br\/zeca\/para-dilma-avanco-social-precede-lula\/","title":{"rendered":"Para Dilma, avan\u00e7o social precede Lula"},"content":{"rendered":"<div id=\"bb-md-noticia-tabs\" sizset=\"47\" sizcache=\"11\">\n<div id=\"bb-md-noticia-tabs-1\" class=\"bb-md-noticia_tab\" sizset=\"55\" sizcache=\"11\">\n<div class=\"texto-noticia\" sizset=\"55\" sizcache=\"11\">\n<div class=\"corpo\">\n<p>Ao sancionar na quarta-feira, 6, a lei que institui o Sistema &Uacute;nico de Assist&ecirc;ncia Social (Suas), a presidente Dilma Rousseff reconheceu os avan&ccedil;os da pol&iacute;tica de amparo &agrave; popula&ccedil;&atilde;o de baixa renda durante o governo do ex-presidente Luiz In&aacute;cio Lula da Silva, mas ressaltou que o trabalho &eacute; resultado de um processo pol&iacute;tico que come&ccedil;ou &quot;h&aacute; muito tempo&quot;.<\/p>\n<p>&quot;A san&ccedil;&atilde;o deste projeto equivale ao coroamento de um processo constru&iacute;do na Constituinte de 88 e que avan&ccedil;ou muito no primeiro mandato do presidente Lula, em especial ap&oacute;s a aprova&ccedil;&atilde;o da Pol&iacute;tica Nacional de Assist&ecirc;ncia Social, em 2004&quot;, afirmou a presidente.<\/p>\n<p>A declara&ccedil;&atilde;o de Dilma, numa solenidade p&uacute;blica no Pal&aacute;cio do Planalto, contraria o famoso jarg&atilde;o &quot;nunca antes na hist&oacute;ria deste Pa&iacute;s&quot;, marca dos discursos do ex-presidente Lula, que se notabilizou por n&atilde;o reconhecer as a&ccedil;&otilde;es de seus antecessores.<\/p>\n<p>Pouco antes da presidente discursar, a ministra de Desenvolvimento Social, Tereza Campello, fez um hist&oacute;rico das a&ccedil;&otilde;es na &aacute;rea social e reconheceu o trabalho de Wanda Engel, secretaria de Estado de Assist&ecirc;ncia Social no governo do tucano Fernando Henrique Cardoso (1995-2002) e considerada, por representantes do setor, como uma das pioneiras na pol&iacute;tica de transfer&ecirc;ncia de renda no Pa&iacute;s.<\/p>\n<p>No discurso de quarta-feira, Dilma Rousseff ressaltou que a nova lei institucionaliza a pol&iacute;tica de assist&ecirc;ncia social, &quot;que, de uma certa forma, j&aacute; tinha come&ccedil;ado h&aacute; muito tempo&quot;. &quot;Devemos todos ter muito orgulho dos passos que desenvolvemos at&eacute; aqui&quot;, disse a presidente.<\/p>\n<p>&quot;Devemos ter muito orgulho de tudo aquilo que realizamos at&eacute; agora. Mas, sobretudo, ter a consci&ecirc;ncia de que esses passos, esses desafios superados, essas realidades conquistadas, &eacute; que nos garantem que seremos capazes, sim, de resolver uma quest&atilde;o t&atilde;o grave do nosso pa&iacute;s, que &eacute; a redu&ccedil;&atilde;o da desigualdade e a supera&ccedil;&atilde;o da extrema mis&eacute;ria.&quot;<\/p>\n<p><strong>Modelo.<\/strong> Na pr&aacute;tica, o Suas j&aacute; existe h&aacute; seis anos. A nova lei organiza formalmente as a&ccedil;&otilde;es na &aacute;rea de assist&ecirc;ncia social. Em nota, o Minist&eacute;rio do Desenvolvimento Social informou que o Suas tem como modelo o Sistema &Uacute;nico de Sa&uacute;de (SUS), garantindo a continuidade do repasse de recursos aos benefici&aacute;rios dos programas do governo e para servi&ccedil;os prestados por Estados e prefeituras. De 2005 para c&aacute;, o or&ccedil;amento do minist&eacute;rio passou de R$ 16 bilh&otilde;es para 43 bilh&otilde;es por ano.<\/p>\n<p><br clear=\"all\" \/><br \/>\n&nbsp;<\/div>\n<\/div>\n<\/div>\n<\/div>\n","protected":false},"excerpt":{"rendered":"<p>Ao sancionar na quarta-feira, 6, a lei que institui o Sistema \u00danico de Assist\u00eancia Social (Suas), a presidente Dilma Rousseff reconheceu os avan\u00e7os da pol\u00edtica de amparo \u00e0 popula\u00e7\u00e3o de baixa renda durante o governo do ex-presidente Luiz In\u00e1cio Lula da Silva, mas ressaltou que o trabalho \u00e9 resultado de um processo pol\u00edtico que come\u00e7ou &#8220;h\u00e1 muito tempo&#8221;.<\/p>\n<p>&#8220;A san\u00e7\u00e3o deste projeto equivale ao coroamento de um processo constru\u00eddo na Constituinte de 88 e que avan\u00e7ou muito no primeiro mandato do presidente Lula, em especial ap\u00f3s a aprova\u00e7\u00e3o da Pol\u00edtica Nacional de Assist\u00eancia Social, em 2004&#8221;, afirmou a presidente.<\/p>\n","protected":false},"author":1,"featured_media":29794,"comment_status":"open","ping_status":"open","sticky":false,"template":"","format":"standard","meta":{"footnotes":""},"categories":[1],"tags":[7117,601,170],"class_list":["post-29795","post","type-post","status-publish","format-standard","has-post-thumbnail","hentry","category-noticias-zeca-dirceu","tag-avanco-social","tag-dilma","tag-lula"],"_links":{"self":[{"href":"https:\/\/teste.bsb.br\/zeca\/wp-json\/wp\/v2\/posts\/29795","targetHints":{"allow":["GET"]}}],"collection":[{"href":"https:\/\/teste.bsb.br\/zeca\/wp-json\/wp\/v2\/posts"}],"about":[{"href":"https:\/\/teste.bsb.br\/zeca\/wp-json\/wp\/v2\/types\/post"}],"author":[{"embeddable":true,"href":"https:\/\/teste.bsb.br\/zeca\/wp-json\/wp\/v2\/users\/1"}],"replies":[{"embeddable":true,"href":"https:\/\/teste.bsb.br\/zeca\/wp-json\/wp\/v2\/comments?post=29795"}],"version-history":[{"count":0,"href":"https:\/\/teste.bsb.br\/zeca\/wp-json\/wp\/v2\/posts\/29795\/revisions"}],"wp:featuredmedia":[{"embeddable":true,"href":"https:\/\/teste.bsb.br\/zeca\/wp-json\/wp\/v2\/media\/29794"}],"wp:attachment":[{"href":"https:\/\/teste.bsb.br\/zeca\/wp-json\/wp\/v2\/media?parent=29795"}],"wp:term":[{"taxonomy":"category","embeddable":true,"href":"https:\/\/teste.bsb.br\/zeca\/wp-json\/wp\/v2\/categories?post=29795"},{"taxonomy":"post_tag","embeddable":true,"href":"https:\/\/teste.bsb.br\/zeca\/wp-json\/wp\/v2\/tags?post=29795"}],"curies":[{"name":"wp","href":"https:\/\/api.w.org\/{rel}","templated":true}]}}