{"id":29775,"date":"2011-07-07T00:00:00","date_gmt":"2011-07-07T03:00:00","guid":{"rendered":"https:\/\/www.zecadirceu.com.br\/o-teleferico-do-alemao-e-um-simbolo-do-pac-diz-presidenta-dilma\/"},"modified":"2011-07-07T00:00:00","modified_gmt":"2011-07-07T03:00:00","slug":"o-teleferico-do-alemao-e-um-simbolo-do-pac-diz-presidenta-dilma","status":"publish","type":"post","link":"https:\/\/teste.bsb.br\/zeca\/o-teleferico-do-alemao-e-um-simbolo-do-pac-diz-presidenta-dilma\/","title":{"rendered":"O telef\u00e9rico do Alem\u00e3o \u00e9 um s\u00edmbolo do PAC, diz presidenta Dilma"},"content":{"rendered":"<p>Ap&oacute;s ter recebido alcunha de &ldquo;M&atilde;e do PAC&rdquo;, ainda quando ocupava a Casa Civil no governo do presidente Lula, numa visita ao Rio, a presidenta Dilma Rousseff subiu nesta quinta-feira (7\/7) o Complexo do Alem&atilde;o para, de um palanque montado em frente a Esta&ccedil;&atilde;o do Morro de Adeus, inaugurar o telef&eacute;rico &#8212; um moderno meio de transporte &#8212; junto com o governador S&eacute;rgio Cabral e o prefeito do Rio, Eduardo Paes. <\/p>\n<p>No discurso, a presidenta afirmou que &ldquo;o telef&eacute;rico do Alem&atilde;o &eacute; um s&iacute;mbolo do PAC&rdquo; e emendou: naquilo que esse programa tem de mais importante para o Brasil que vem a ser investir no cidad&atilde;o.<\/p>\n<p>&ldquo;N&atilde;o fazemos obras por causas materiais, mas para beneficiar a vida de cada um. Aqui n&oacute;s temos pessoas an&ocirc;nimas que tiveram suas vidas modificadas.&rdquo;<\/p>\n<p>A presidenta Dilma iniciou o discurso lembrando o papel do presidente Lula para alavancar o projeto. Ela tamb&eacute;m destacou a parceria entre os governos federal, estadual e municipal, pois se isso n&atilde;o tivesse acontecido as obras na regi&atilde;o do Alem&atilde;o dificilmente sairiam do papel. &ldquo;Quero reconhecer aqui um fato important&iacute;ssimo nessa obra. &Eacute; uma obra de m&atilde;os dadas entre os governos do estado, da prefeitura e do governo federal. Vejam que uma obra deste tamanho, de mobilidade urbana, que faz parte&hellip; &eacute; fruto de uma parceria muito estreita. Uma parceria de interesse que &eacute; o povo do Rio de Janeiro, e tamb&eacute;m o povo aqui do Alem&atilde;o&rdquo;, destacou.<\/p>\n<p>Ainda no discurso, a presidenta Dilma ressaltou a participa&ccedil;&atilde;o das For&ccedil;as Armadas no processo de pacifica&ccedil;&atilde;o das cinco comunidades, bem como a integra&ccedil;&atilde;o com as for&ccedil;as policiais fluminenses &ldquo;na constru&ccedil;&atilde;o de um ambiente de paz aqui no Alem&atilde;o&rdquo;. E enfatizou a import&acirc;ncia do telef&eacute;rico para a popula&ccedil;&atilde;o do complexo de comunidades carentes da capital carioca.<\/p>\n<p>&ldquo;Essa linha em frente contou com a ajuda de v&aacute;rios companheiros. Todos tiveram grande empenho na constru&ccedil;&atilde;o do ambiente de paz. Tem tudo a ver com democracia e com ambiente de justi&ccedil;a social. Estamos vivenciando algo muito importante. O Brasil tinha h&aacute;bito de que uma parte da popula&ccedil;&atilde;o ficava condenada ao m&aacute;ximo abandono. Estamos fazendo com que o estado brasileiro assuma condi&ccedil;&atilde;o de gastar recursos com aqueles que mais precisam pois foram abandonados durante anos e anos.&rdquo;<\/p>\n<p>Dilma Rousseff enfatizou que a cerim&ocirc;nia de inaugura&ccedil;&atilde;o do telef&eacute;rico representava a comemora&ccedil;&atilde;o &ldquo;a esse respeito &agrave; cidadania dos moradores do Alem&atilde;o&rdquo;. Ainda durante o discurso, a presidenta lembrou que nesta data inaugurou tamb&eacute;m uma ag&ecirc;ncia dos Correios e um posto de atendimento do INSS. Os dois servi&ccedil;os a serem prestados &agrave; popula&ccedil;&atilde;o, conforme ressaltou, permitir&atilde;o as mesmas facilidades que s&atilde;o oferecidas em outros postos do pa&iacute;s.<\/p>\n<p>Ou seja, a partir de agora, em no m&aacute;ximo 30 minutos, um contribuinte da Previd&ecirc;ncia Social poder&aacute; se aposentar ou iniciar o processo para receber benef&iacute;cios da previd&ecirc;ncia p&uacute;blica, como aux&iacute;lio doen&ccedil;a ou aux&iacute;lio maternidade. Na ag&ecirc;ncia dos Correios, segundo a presidenta, al&eacute;m de postar correspond&ecirc;ncias ou encomendas, o cidad&atilde;o poder&aacute; pagar suas contas ou receber recursos por meio do Banco Postal.<\/p>\n<p>&ldquo;Hoje voc&ecirc;s viram que o INSS inaugurou aqui um posto de atendimento. Ia ser pequeno. Mas nos deram um espa&ccedil;o maior. Vamos prestar aqui servi&ccedil;os que prestamos em qualquer posto do INSS. Aposentadoria, aux&iacute;lio maternidade&hellip; Outro servi&ccedil;o que inauguramos aqui &eacute; o dos Correios. Poder&atilde;o ser feitos pagamento e recebimento de contas junto ao Banco Postal. &Eacute; o verdadeiro milagre social&rdquo;, disse a presidenta ao ser aclamada por um morador que encontrava-se entre as pessoas que assistiam a cerim&ocirc;nia.<\/p>\n<p>&nbsp;<\/p>\n","protected":false},"excerpt":{"rendered":"<p>Ap\u00f3s ter recebido alcunha de \u201cM\u00e3e do PAC\u201d, ainda quando ocupava a Casa Civil no governo do presidente Lula, numa visita ao Rio, a presidenta Dilma Rousseff subiu nesta quinta-feira (7\/7) o Complexo do Alem\u00e3o para, de um palanque montado em frente a Esta\u00e7\u00e3o do Morro de Adeus, inaugurar o telef\u00e9rico &#8212; um moderno meio de transporte &#8212; junto com o governador S\u00e9rgio Cabral e o prefeito do Rio, Eduardo Paes. <\/p>\n<p>No discurso, a presidenta afirmou que \u201co telef\u00e9rico do Alem\u00e3o \u00e9 um s\u00edmbolo do PAC\u201d e emendou: naquilo que esse programa tem de mais importante para o Brasil que vem a ser investir no cidad\u00e3o.<\/p>\n","protected":false},"author":1,"featured_media":29774,"comment_status":"open","ping_status":"open","sticky":false,"template":"","format":"standard","meta":{"footnotes":""},"categories":[1],"tags":[7107,601,7106],"class_list":["post-29775","post","type-post","status-publish","format-standard","has-post-thumbnail","hentry","category-noticias-zeca-dirceu","tag-alemao","tag-dilma","tag-teleferico"],"_links":{"self":[{"href":"https:\/\/teste.bsb.br\/zeca\/wp-json\/wp\/v2\/posts\/29775","targetHints":{"allow":["GET"]}}],"collection":[{"href":"https:\/\/teste.bsb.br\/zeca\/wp-json\/wp\/v2\/posts"}],"about":[{"href":"https:\/\/teste.bsb.br\/zeca\/wp-json\/wp\/v2\/types\/post"}],"author":[{"embeddable":true,"href":"https:\/\/teste.bsb.br\/zeca\/wp-json\/wp\/v2\/users\/1"}],"replies":[{"embeddable":true,"href":"https:\/\/teste.bsb.br\/zeca\/wp-json\/wp\/v2\/comments?post=29775"}],"version-history":[{"count":0,"href":"https:\/\/teste.bsb.br\/zeca\/wp-json\/wp\/v2\/posts\/29775\/revisions"}],"wp:featuredmedia":[{"embeddable":true,"href":"https:\/\/teste.bsb.br\/zeca\/wp-json\/wp\/v2\/media\/29774"}],"wp:attachment":[{"href":"https:\/\/teste.bsb.br\/zeca\/wp-json\/wp\/v2\/media?parent=29775"}],"wp:term":[{"taxonomy":"category","embeddable":true,"href":"https:\/\/teste.bsb.br\/zeca\/wp-json\/wp\/v2\/categories?post=29775"},{"taxonomy":"post_tag","embeddable":true,"href":"https:\/\/teste.bsb.br\/zeca\/wp-json\/wp\/v2\/tags?post=29775"}],"curies":[{"name":"wp","href":"https:\/\/api.w.org\/{rel}","templated":true}]}}