{"id":29761,"date":"2011-07-08T00:00:00","date_gmt":"2011-07-08T03:00:00","guid":{"rendered":"https:\/\/www.zecadirceu.com.br\/paim-quer-internet-banda-larga-para-todos-os-brasileiros\/"},"modified":"2011-07-08T00:00:00","modified_gmt":"2011-07-08T03:00:00","slug":"paim-quer-internet-banda-larga-para-todos-os-brasileiros","status":"publish","type":"post","link":"https:\/\/teste.bsb.br\/zeca\/paim-quer-internet-banda-larga-para-todos-os-brasileiros\/","title":{"rendered":"Paim quer internet banda larga para todos os brasileiros"},"content":{"rendered":"<p>&nbsp;O senador Paulo Paim (PT-RS) defendeu nesta sexta-feira (8), para todos os brasileiros, a garantia de acesso facilitado a internet banda larga com qualidade. Em avalia&ccedil;&atilde;o feita em Plen&aacute;rio, ele ressaltou que a quest&atilde;o deve ser tratada como parte dos direitos fundamentais, tendo em vista a import&acirc;ncia da rede de computadores na atual sociedade da informa&ccedil;&atilde;o. Na internet, conforme lembrou, as pessoas podem dispor de amplos servi&ccedil;os, da educa&ccedil;&atilde;o ao lazer.<\/p>\n<p class=\"MsoNormal\"><o:p>&nbsp;<\/o:p><\/p>\n<p class=\"MsoNormal\">&#8211; N&atilde;o temos como pensar em inclus&atilde;o digital sem democratizar a internet, mas a exclus&atilde;o ainda &eacute; grande, sobretudo nos estados do Norte e Nordeste &ndash; destacou.<\/p>\n<p class=\"MsoNormal\"><o:p>&nbsp;<\/o:p><\/p>\n<p class=\"MsoNormal\">Paim registrou que a Finl&acirc;ndia saiu na frente com lei para garantir internet de alta velocidade para os seus cidad&atilde;os. Ele destacou o compromisso da presidente Dilma Rousseff de acelerar o Plano Nacional de Banda Larga, que est&aacute; a cargo do minist&eacute;rio das Comunica&ccedil;&otilde;es. Para isso, por&eacute;m, ele disse que o Estado tem que ultrapassar o papel de regulador das a&ccedil;&otilde;es privadas e considerar tamb&eacute;m a necessidade de investir mais.<\/p>\n<p class=\"MsoNormal\"><o:p>&nbsp;<\/o:p><\/p>\n<p class=\"MsoNormal\">&#8211; E por que n&atilde;o pensar numa diminui&ccedil;&atilde;o de tributos nesses servi&ccedil;os, tudo isso com o desejo de tornar a banda larga gratuita para a popula&ccedil;&atilde;o brasileira? &ndash; sugeriu.<\/p>\n<p class=\"MsoNormal\"><o:p>&nbsp;<\/o:p><\/p>\n<p class=\"MsoNormal\">O senador citou pesquisa da F\/Nazca indicando a exist&ecirc;ncia de 81,3 milh&otilde;es de internautas no pa&iacute;s (idade a partir de 12 anos). Por&eacute;m, o principal local de acesso ainda s&atilde;o as lan houses (31%), em seguida vindo a pr&oacute;pria casa (27%) e a casa de parentes e amigos (25%).<\/p>\n<p class=\"MsoNormal\"><o:p>&nbsp;<\/o:p><\/p>\n<p class=\"MsoNormal\">Ao avaliar a baixa qualidade dos servi&ccedil;os de internet no pa&iacute;s, ele observou que as operadoras nacionais oferecem, em m&eacute;dia, conex&otilde;es de 2 megabits. No entanto, s&oacute; se comprometem em garantir 10% dessa velocidade. A m&eacute;dia mundial &eacute; de 3 megabits, com garantia de 75% da velocidade contratada.Em Hong Kong, por R$ 45 por m&ecirc;s, &eacute; poss&iacute;vel contratar conex&atilde;o de 1.024 megabits. Em rela&ccedil;&atilde;o &agrave; velocidade, o Brasil est&aacute; na 37&ordf; posi&ccedil;&atilde;o no ranking mundial, s&oacute; ficando &agrave; frente de tr&ecirc;s pa&iacute;ses pesquisados.<\/p>\n<p class=\"MsoNormal\"><o:p>&nbsp;<\/o:p><\/p>\n<p class=\"MsoNormal\"><b>Motoristas<o:p><\/o:p><\/b><\/p>\n<p class=\"MsoNormal\">Paim aproveitou ainda para destacar os m&eacute;ritos de projeto que regulamenta a profiss&atilde;o de motorista, que passou no Senado e est&aacute; seguindo para san&ccedil;&atilde;o. Diante de d&uacute;vidas surgidas, ele esclareceu que o projeto aprovado &eacute; do deputado Conf&uacute;cio Moura. Conforme explicou, o de sua autoria &eacute; o que trata do Estatuto do Motorista, ainda em debate no Senado, onde j&aacute; foi objeto de doze audi&ecirc;ncias e continua <st1:personname productid=\"em exame. No\" w:st=\"on\">em  exame. No<\/st1:personname> texto, ele prop&otilde;e aposentadoria especial para a categoria. <b>As informa&ccedil;&otilde;es s&atilde;o da Ag&ecirc;ncia Senado de Not&iacute;cias<o:p><\/o:p><\/b><\/p>\n","protected":false},"excerpt":{"rendered":"<p>O senador Paulo Paim (PT-RS) defendeu nesta sexta-feira (8), para todos os brasileiros, a garantia de acesso facilitado a internet banda larga com qualidade.<\/p>\n<p> Em avalia\u00e7\u00e3o feita em Plen\u00e1rio, ele ressaltou que a quest\u00e3o deve ser tratada como parte dos direitos fundamentais, tendo em vista a import\u00e2ncia da rede de computadores na atual sociedade da informa\u00e7\u00e3o. Na internet, conforme lembrou, as pessoas podem dispor de amplos servi\u00e7os, da educa\u00e7\u00e3o ao lazer.<\/p>\n","protected":false},"author":1,"featured_media":29760,"comment_status":"open","ping_status":"open","sticky":false,"template":"","format":"standard","meta":{"footnotes":""},"categories":[1],"tags":[7101],"class_list":["post-29761","post","type-post","status-publish","format-standard","has-post-thumbnail","hentry","category-noticias-zeca-dirceu","tag-paim-quer-internet-banda-larga-para-todos-os-brasileiros"],"_links":{"self":[{"href":"https:\/\/teste.bsb.br\/zeca\/wp-json\/wp\/v2\/posts\/29761","targetHints":{"allow":["GET"]}}],"collection":[{"href":"https:\/\/teste.bsb.br\/zeca\/wp-json\/wp\/v2\/posts"}],"about":[{"href":"https:\/\/teste.bsb.br\/zeca\/wp-json\/wp\/v2\/types\/post"}],"author":[{"embeddable":true,"href":"https:\/\/teste.bsb.br\/zeca\/wp-json\/wp\/v2\/users\/1"}],"replies":[{"embeddable":true,"href":"https:\/\/teste.bsb.br\/zeca\/wp-json\/wp\/v2\/comments?post=29761"}],"version-history":[{"count":0,"href":"https:\/\/teste.bsb.br\/zeca\/wp-json\/wp\/v2\/posts\/29761\/revisions"}],"wp:featuredmedia":[{"embeddable":true,"href":"https:\/\/teste.bsb.br\/zeca\/wp-json\/wp\/v2\/media\/29760"}],"wp:attachment":[{"href":"https:\/\/teste.bsb.br\/zeca\/wp-json\/wp\/v2\/media?parent=29761"}],"wp:term":[{"taxonomy":"category","embeddable":true,"href":"https:\/\/teste.bsb.br\/zeca\/wp-json\/wp\/v2\/categories?post=29761"},{"taxonomy":"post_tag","embeddable":true,"href":"https:\/\/teste.bsb.br\/zeca\/wp-json\/wp\/v2\/tags?post=29761"}],"curies":[{"name":"wp","href":"https:\/\/api.w.org\/{rel}","templated":true}]}}